{"id":45176,"date":"2016-06-12T15:46:24","date_gmt":"2016-06-12T12:46:24","guid":{"rendered":"http:\/\/www.sana.sy\/es\/?p=45176"},"modified":"2016-06-12T15:46:34","modified_gmt":"2016-06-12T12:46:34","slug":"rusia-condena-energicamente-doble-atentado-terrorista-contra-sayeda-zainab-en-damasco-campo","status":"publish","type":"post","link":"https:\/\/archive.sana.sy\/es\/?p=45176","title":{"rendered":"Rusia condena en\u00e9rgicamente doble atentado terrorista contra Sayeda Zainab en Damasco-campo"},"content":{"rendered":"<p><span style=\"color: #800000\">Mosc\u00fa, SANA<\/span><\/p>\n<p>Rusia expres\u00f3 su en\u00e9rgica condena al doble atentado terrorista que sacudi\u00f3 ayer el s\u00e1bado la zona de Sayeda Zainab en Damasco-campo, seg\u00fan un comunicado emitido este\u00a0domingo por la Canciller\u00eda rusa.<\/p>\n<p>\u201cMosc\u00fa condena en\u00e9rgicamente los actos terroristas que ocurren en el territorio sirio. Expresamos nuestra compasi\u00f3n y condolencia a las familias de las v\u00edctimas y deseamos una r\u00e1pida recuperaci\u00f3n a los heridos, as\u00ed como reiteramos nuestro apoyo al pueblo y el gobierno de Siria frente a la amenaza terrorista\u201d, cit\u00f3 la agencia rusa <em>Sputnik<\/em> a la Canciller\u00eda.<\/p>\n<p>Cabe se\u00f1alar que un doble atentado terrorista se produjo ayer el s\u00e1bado en la zona de Sayeda Zainab, causando 12 v\u00edctimas mortales y 55 heridos.<\/p>\n<p>&nbsp;<\/p>\n<p>Lynn A.<\/p>\n","protected":false},"excerpt":{"rendered":"<p>Mosc\u00fa, SANA Rusia expres\u00f3 su en\u00e9rgica condena al doble atentado terrorista que sacudi\u00f3 ayer el s\u00e1bado la zona de Sayeda Zainab en Damasco-campo, seg\u00fan un comunicado emitido este\u00a0domingo por la Canciller\u00eda rusa. \u201cMosc\u00fa condena en\u00e9rgicamente los actos terroristas que ocurren en el territorio sirio. Expresamos nuestra compasi\u00f3n y condolencia a las familias de las v\u00edctimas &hellip;<\/p>\n","protected":false},"author":24,"featured_media":5812,"comment_status":"closed","ping_status":"closed","sticky":false,"template":"","format":"standard","meta":{"footnotes":""},"categories":[597,467,7541],"tags":[],"class_list":["post-45176","post","type-post","status-publish","format-standard","has-post-thumbnail","","category-cinta-de-noticias","category-siria-y-el-mundo","category-ultimas-noticias"],"_links":{"self":[{"href":"https:\/\/archive.sana.sy\/es\/index.php?rest_route=\/wp\/v2\/posts\/45176"}],"collection":[{"href":"https:\/\/archive.sana.sy\/es\/index.php?rest_route=\/wp\/v2\/posts"}],"about":[{"href":"https:\/\/archive.sana.sy\/es\/index.php?rest_route=\/wp\/v2\/types\/post"}],"author":[{"embeddable":true,"href":"https:\/\/archive.sana.sy\/es\/index.php?rest_route=\/wp\/v2\/users\/24"}],"replies":[{"embeddable":true,"href":"https:\/\/archive.sana.sy\/es\/index.php?rest_route=%2Fwp%2Fv2%2Fcomments&post=45176"}],"version-history":[{"count":0,"href":"https:\/\/archive.sana.sy\/es\/index.php?rest_route=\/wp\/v2\/posts\/45176\/revisions"}],"wp:featuredmedia":[{"embeddable":true,"href":"https:\/\/archive.sana.sy\/es\/index.php?rest_route=\/wp\/v2\/media\/5812"}],"wp:attachment":[{"href":"https:\/\/archive.sana.sy\/es\/index.php?rest_route=%2Fwp%2Fv2%2Fmedia&parent=45176"}],"wp:term":[{"taxonomy":"category","embeddable":true,"href":"https:\/\/archive.sana.sy\/es\/index.php?rest_route=%2Fwp%2Fv2%2Fcategories&post=45176"},{"taxonomy":"post_tag","embeddable":true,"href":"https:\/\/archive.sana.sy\/es\/index.php?rest_route=%2Fwp%2Fv2%2Ftags&post=45176"}],"curies":[{"name":"wp","href":"https:\/\/api.w.org\/{rel}","templated":true}]}}