{"id":45211,"date":"2016-06-13T18:31:24","date_gmt":"2016-06-13T15:31:24","guid":{"rendered":"http:\/\/sanasyria.org\/es\/?p=45211"},"modified":"2016-06-13T18:31:24","modified_gmt":"2016-06-13T15:31:24","slug":"lavrov-y-kerry-examinan-posible-cooperacion-entre-rusia-y-los-ee-uu-en-la-lucha-contra-el-terrorismo","status":"publish","type":"post","link":"https:\/\/archive.sana.sy\/es\/?p=45211","title":{"rendered":"Lavrov y Kerry examinan posible cooperaci\u00f3n entre Rusia y los EE.UU. en la lucha contra el terrorismo"},"content":{"rendered":"<p>Mosc\u00fa-SANA<\/p>\n<p>El Ministro de Asuntos Exteriores de Rusia, Sergei Lavrov, durante una conversaci\u00f3n telef\u00f3nica el lunes con el secretario de Estado estadounidense, John Kerry, ha llamado una vez m\u00e1s Washington a separar la que EEUU domina \u00a8oposici\u00f3n moderada\u00a8, del Jabhat Al-Nusra.<\/p>\n<p>&#8220;Lavrov examin\u00f3 con Kerry la situaci\u00f3n en Siria, y la posibilidad de establecer una cooperaci\u00f3n ruso-estadounidense en la lucha contra el terrorismo&#8221;, dijo el ministerio de exteriores de Rusia en un comunicado.<\/p>\n<p>Tambi\u00e9n se\u00f1alaron la necesidad de impedir que los terroristas reciban suministros a trav\u00e9s de la frontera con Turqu\u00eda.<\/p>\n<p>Yamil K.<\/p>\n","protected":false},"excerpt":{"rendered":"<p>Mosc\u00fa-SANA El Ministro de Asuntos Exteriores de Rusia, Sergei Lavrov, durante una conversaci\u00f3n telef\u00f3nica el lunes con el secretario de Estado estadounidense, John Kerry, ha llamado una vez m\u00e1s Washington a separar la que EEUU domina \u00a8oposici\u00f3n moderada\u00a8, del Jabhat Al-Nusra. &#8220;Lavrov examin\u00f3 con Kerry la situaci\u00f3n en Siria, y la posibilidad de establecer una &hellip;<\/p>\n","protected":false},"author":1,"featured_media":16461,"comment_status":"closed","ping_status":"closed","sticky":false,"template":"","format":"standard","meta":{"footnotes":""},"categories":[456,457,576,583,7541],"tags":[],"class_list":["post-45211","post","type-post","status-publish","format-standard","has-post-thumbnail","","category-arabe-internacional-politica","category-noticias-arabe-internacional-politica","category-noticias-politicas","category-slide","category-ultimas-noticias"],"_links":{"self":[{"href":"https:\/\/archive.sana.sy\/es\/index.php?rest_route=\/wp\/v2\/posts\/45211"}],"collection":[{"href":"https:\/\/archive.sana.sy\/es\/index.php?rest_route=\/wp\/v2\/posts"}],"about":[{"href":"https:\/\/archive.sana.sy\/es\/index.php?rest_route=\/wp\/v2\/types\/post"}],"author":[{"embeddable":true,"href":"https:\/\/archive.sana.sy\/es\/index.php?rest_route=\/wp\/v2\/users\/1"}],"replies":[{"embeddable":true,"href":"https:\/\/archive.sana.sy\/es\/index.php?rest_route=%2Fwp%2Fv2%2Fcomments&post=45211"}],"version-history":[{"count":0,"href":"https:\/\/archive.sana.sy\/es\/index.php?rest_route=\/wp\/v2\/posts\/45211\/revisions"}],"wp:featuredmedia":[{"embeddable":true,"href":"https:\/\/archive.sana.sy\/es\/index.php?rest_route=\/wp\/v2\/media\/16461"}],"wp:attachment":[{"href":"https:\/\/archive.sana.sy\/es\/index.php?rest_route=%2Fwp%2Fv2%2Fmedia&parent=45211"}],"wp:term":[{"taxonomy":"category","embeddable":true,"href":"https:\/\/archive.sana.sy\/es\/index.php?rest_route=%2Fwp%2Fv2%2Fcategories&post=45211"},{"taxonomy":"post_tag","embeddable":true,"href":"https:\/\/archive.sana.sy\/es\/index.php?rest_route=%2Fwp%2Fv2%2Ftags&post=45211"}],"curies":[{"name":"wp","href":"https:\/\/api.w.org\/{rel}","templated":true}]}}