{"id":45305,"date":"2016-06-14T20:05:06","date_gmt":"2016-06-14T17:05:06","guid":{"rendered":"http:\/\/www.sana.sy\/es\/?p=45305"},"modified":"2016-06-14T20:05:06","modified_gmt":"2016-06-14T17:05:06","slug":"miles-de-franceses-salen-a-las-calles-de-paris-en-contra-de-la-reforma-laboral","status":"publish","type":"post","link":"https:\/\/archive.sana.sy\/es\/?p=45305","title":{"rendered":"Miles de franceses salen a las calles de Par\u00eds en contra de la reforma laboral"},"content":{"rendered":"<p style=\"text-align: justify\"><span style=\"color: #800000\">Par\u00eds, SANA<\/span>&#8211; Miles de personas han vuelto a salir a las calles de Par\u00eds para protestar en contra de la reforma laboral, en la primera manifestaci\u00f3n convocada a nivel estatal en Par\u00eds.<\/p>\n<p style=\"text-align: justify\">Hasta la capital parisina se han trasladado m\u00e1s de 700 autobuses fletados por las organizaciones sindicales.<\/p>\n<p style=\"text-align: justify\">A su vez, la empresa operadora de la famosa Torre Eiffel anunci\u00f3 que se vio obligado a cerrar sus puertas de que los trabajadores abandonaran sus puestos de para participar en las protestas.<\/p>\n<p style=\"text-align: justify\">El final de la marcha ha acabado con fuertes enfrentamientos entre decenas de manifestantes y la polic\u00eda en los que se han destruido escaparates y mobiliario urbano.<\/p>\n<p style=\"text-align: justify\">El nuevo proyecto de la reforma laboral presentada por el gobierno del presidente Francois Hollande, provoc\u00f3 una ola de protestas en masa desde el pasado 13 de marzo y se intensific\u00f3 recientemente con la implementaci\u00f3n de miles de trabajadores y empleados franceses, incluyendo m\u00e9dicos, trabajadores del transporte entre otros.<\/p>\n<p>M.Miri<\/p>\n","protected":false},"excerpt":{"rendered":"<p>Par\u00eds, SANA&#8211; Miles de personas han vuelto a salir a las calles de Par\u00eds para protestar en contra de la reforma laboral, en la primera manifestaci\u00f3n convocada a nivel estatal en Par\u00eds. Hasta la capital parisina se han trasladado m\u00e1s de 700 autobuses fletados por las organizaciones sindicales. A su vez, la empresa operadora de &hellip;<\/p>\n","protected":false},"author":1,"featured_media":45306,"comment_status":"closed","ping_status":"closed","sticky":false,"template":"","format":"standard","meta":{"footnotes":""},"categories":[456,457],"tags":[8644],"class_list":["post-45305","post","type-post","status-publish","format-standard","has-post-thumbnail","","category-arabe-internacional-politica","category-noticias-arabe-internacional-politica","tag-francia"],"_links":{"self":[{"href":"https:\/\/archive.sana.sy\/es\/index.php?rest_route=\/wp\/v2\/posts\/45305"}],"collection":[{"href":"https:\/\/archive.sana.sy\/es\/index.php?rest_route=\/wp\/v2\/posts"}],"about":[{"href":"https:\/\/archive.sana.sy\/es\/index.php?rest_route=\/wp\/v2\/types\/post"}],"author":[{"embeddable":true,"href":"https:\/\/archive.sana.sy\/es\/index.php?rest_route=\/wp\/v2\/users\/1"}],"replies":[{"embeddable":true,"href":"https:\/\/archive.sana.sy\/es\/index.php?rest_route=%2Fwp%2Fv2%2Fcomments&post=45305"}],"version-history":[{"count":0,"href":"https:\/\/archive.sana.sy\/es\/index.php?rest_route=\/wp\/v2\/posts\/45305\/revisions"}],"wp:featuredmedia":[{"embeddable":true,"href":"https:\/\/archive.sana.sy\/es\/index.php?rest_route=\/wp\/v2\/media\/45306"}],"wp:attachment":[{"href":"https:\/\/archive.sana.sy\/es\/index.php?rest_route=%2Fwp%2Fv2%2Fmedia&parent=45305"}],"wp:term":[{"taxonomy":"category","embeddable":true,"href":"https:\/\/archive.sana.sy\/es\/index.php?rest_route=%2Fwp%2Fv2%2Fcategories&post=45305"},{"taxonomy":"post_tag","embeddable":true,"href":"https:\/\/archive.sana.sy\/es\/index.php?rest_route=%2Fwp%2Fv2%2Ftags&post=45305"}],"curies":[{"name":"wp","href":"https:\/\/api.w.org\/{rel}","templated":true}]}}