{"id":45327,"date":"2016-06-15T19:58:58","date_gmt":"2016-06-15T16:58:58","guid":{"rendered":"http:\/\/www.sana.sy\/es\/?p=45327"},"modified":"2016-06-15T20:01:59","modified_gmt":"2016-06-15T17:01:59","slug":"fuerzas-armadas-destruyen-sedes-y-equipos-militares-de-los-terroristas-del-ei-y-el-frente-al-nousra","status":"publish","type":"post","link":"https:\/\/archive.sana.sy\/es\/?p=45327","title":{"rendered":"Fuerzas Armadas destruyen sedes y equipos militares de los terroristas del EI y el Frente al Nousra"},"content":{"rendered":"<p><span style=\"color: #800000\">Provincias, SANA<\/span><\/p>\n<p style=\"text-align: justify\">Las Fuerzas Armadas llevaron a cabo intensivos operativos por tierra y aire contra las posiciones de los terroristas del Estado Isl\u00e1mico (EI) y el Frente al Nousra, entre otros grupos takfir\u00edes.<\/p>\n<p style=\"text-align: justify\"><span style=\"color: #0000ff\">Raqqa<\/span><\/p>\n<p style=\"text-align: justify\">En el campo oeste de la provincia de Raqqa, una fuente militar inform\u00f3 que la fuerza a\u00e9rea en el Ej\u00e9rcito \u00c1rabe Sirio bombarde\u00f3 y destruy\u00f3 a veh\u00edculos de los terroristas del (EI) al sur de la ciudad de Tabqqa.<\/p>\n<p style=\"text-align: justify\">El ej\u00e9rcito contin\u00faa su ofensiva hacia Raqqa, apoyado por Grupos de Defensa del Pueblo.<\/p>\n<p style=\"text-align: justify\"><span style=\"color: #0000ff\">Hama<\/span><\/p>\n<p style=\"text-align: justify\">En la provincia de Hama, unidades del Ej\u00e9rcito y de las Fuerzas Armadas llevaron a cabo operaciones intensivos contra posiciones de los terroristas del (EI), inscrito en la lista del terrorismo internacional.<\/p>\n<p style=\"text-align: justify\">Una fuente militar declar\u00f3 que una unidad del ej\u00e9rcito se enfrent\u00f3 con terroristas del EI en la zona de Al Mabauajjh al este del municipio de Salamieh, y eliminaron a varios terroristas y destruyeron a su armamento.<\/p>\n<p style=\"text-align: justify\">La fuente agreg\u00f3 que el ej\u00e9rcito bombarde\u00f3 con artiller\u00eda a sitios de los terroristas en la localidad de Quleb Zor, y le destruy\u00f3 un ca\u00f1\u00f3n de mortero.<\/p>\n<p style=\"text-align: justify\">En la periferia del poblado de Ukerbat, el Ej\u00e9rcito elimin\u00f3 a siete terroristas.<\/p>\n<p style=\"text-align: justify\"><span style=\"color: #0000ff\">Homs<\/span><\/p>\n<p style=\"text-align: justify\">En la provincia c\u00e9ntrica de Homs, escuadras del ej\u00e9rcito destruyeron veh\u00edculos equipados con ametralladoras pesadas calibre 32 mm, del grupo terroristas Daesh cerca del pozo petrolero Arak situado a 30 km al este de la ciudad de Palmira, seg\u00fan confirm\u00f3 una fuente militar.<\/p>\n<p style=\"text-align: justify\">En paralelo, la fuente agreg\u00f3 que las unidades militares en operaciones con grupos de la Defensa Popular siguen avanzando con sus operaciones en el eje de Palmira-Al Sauame- Arak, logrando retomar 2 km al oeste de la zona de Arak, tras duros combates con integrantes del EI.<\/p>\n<p style=\"text-align: justify\">\n<p><span style=\"color: #333333\">Fady M., Hala B., M Miri.<\/span><\/p>\n","protected":false},"excerpt":{"rendered":"<p>Provincias, SANA Las Fuerzas Armadas llevaron a cabo intensivos operativos por tierra y aire contra las posiciones de los terroristas del Estado Isl\u00e1mico (EI) y el Frente al Nousra, entre otros grupos takfir\u00edes. Raqqa En el campo oeste de la provincia de Raqqa, una fuente militar inform\u00f3 que la fuerza a\u00e9rea en el Ej\u00e9rcito \u00c1rabe &hellip;<\/p>\n","protected":false},"author":1,"featured_media":45383,"comment_status":"closed","ping_status":"closed","sticky":false,"template":"","format":"standard","meta":{"footnotes":""},"categories":[573,583],"tags":[8752],"class_list":["post-45327","post","type-post","status-publish","format-standard","has-post-thumbnail","","category-la-realidad-de-los-acontecimientos-en-siria","category-slide","tag-fuerzas-armadas-destruyen-sedes-y-equipos-militares-de-los-terroristas-del-ei-y-el-frente-al-nousra"],"_links":{"self":[{"href":"https:\/\/archive.sana.sy\/es\/index.php?rest_route=\/wp\/v2\/posts\/45327"}],"collection":[{"href":"https:\/\/archive.sana.sy\/es\/index.php?rest_route=\/wp\/v2\/posts"}],"about":[{"href":"https:\/\/archive.sana.sy\/es\/index.php?rest_route=\/wp\/v2\/types\/post"}],"author":[{"embeddable":true,"href":"https:\/\/archive.sana.sy\/es\/index.php?rest_route=\/wp\/v2\/users\/1"}],"replies":[{"embeddable":true,"href":"https:\/\/archive.sana.sy\/es\/index.php?rest_route=%2Fwp%2Fv2%2Fcomments&post=45327"}],"version-history":[{"count":0,"href":"https:\/\/archive.sana.sy\/es\/index.php?rest_route=\/wp\/v2\/posts\/45327\/revisions"}],"wp:featuredmedia":[{"embeddable":true,"href":"https:\/\/archive.sana.sy\/es\/index.php?rest_route=\/wp\/v2\/media\/45383"}],"wp:attachment":[{"href":"https:\/\/archive.sana.sy\/es\/index.php?rest_route=%2Fwp%2Fv2%2Fmedia&parent=45327"}],"wp:term":[{"taxonomy":"category","embeddable":true,"href":"https:\/\/archive.sana.sy\/es\/index.php?rest_route=%2Fwp%2Fv2%2Fcategories&post=45327"},{"taxonomy":"post_tag","embeddable":true,"href":"https:\/\/archive.sana.sy\/es\/index.php?rest_route=%2Fwp%2Fv2%2Ftags&post=45327"}],"curies":[{"name":"wp","href":"https:\/\/api.w.org\/{rel}","templated":true}]}}