{"id":45370,"date":"2016-06-15T17:23:40","date_gmt":"2016-06-15T14:23:40","guid":{"rendered":"http:\/\/www.sana.sy\/es\/?p=45370"},"modified":"2023-01-10T15:28:58","modified_gmt":"2023-01-10T13:28:58","slug":"siria-y-sudafrica-dan-seguimiento-a-los-acuerdos-logrados-recientemente-en-el-ambito-economico-y-de-desarrollo","status":"publish","type":"post","link":"https:\/\/archive.sana.sy\/es\/?p=45370","title":{"rendered":"Siria y Sud\u00e1frica dan seguimiento a los acuerdos logrados recientemente en el \u00e1mbito econ\u00f3mico y de desarrollo"},"content":{"rendered":"<p><span style=\"color: #800000\">Damasco, SANA<\/span><\/p>\n<p style=\"text-align: justify\">El ministro de Econom\u00eda y Comercio Exterior, Humam al-Yazaeri debati\u00f3 este mi\u00e9rcoles con el embajador de Sud\u00e1frica en Damasco, Shaun Byneveldt varios asuntos econ\u00f3micos y de fomento acordados entre ambos pa\u00edses durante la \u00faltima visita de la viceministra para Asuntos y Cooperaci\u00f3n Internacionales sudafricana a Damasco en el pasado mes de mayo.<\/p>\n<p style=\"text-align: justify\">La cooperaci\u00f3n en materia de las energ\u00edas alternativas, especialmente la solar, y la posibilidad de que Siria se beneficie de las experiencias t\u00e9cnicas y tecnol\u00f3gicas de las compa\u00f1\u00edas sudafricanas en este campo han sido los ejes de la reuni\u00f3n bilateral.<\/p>\n<p style=\"text-align: justify\">Ambas partes debatieron tambi\u00e9n la posibilidad de abordar inversiones directas o conjuntas con otros pa\u00edses amigos como la India.<\/p>\n<p style=\"text-align: justify\">Asimismo acordaron desarrollar un programa de fomento financiado por Sud\u00e1frica en las \u00e1reas del desarrollo rural, la producci\u00f3n agraria, y la reconstrucci\u00f3n.<\/p>\n<p>Lynn A.<\/p>\n","protected":false},"excerpt":{"rendered":"<p>Damasco, SANA El ministro de Econom\u00eda y Comercio Exterior, Humam al-Yazaeri debati\u00f3 este mi\u00e9rcoles con el embajador de Sud\u00e1frica en Damasco, Shaun Byneveldt varios asuntos econ\u00f3micos y de fomento acordados entre ambos pa\u00edses durante la \u00faltima visita de la viceministra para Asuntos y Cooperaci\u00f3n Internacionales sudafricana a Damasco en el pasado mes de mayo. La &hellip;<\/p>\n","protected":false},"author":24,"featured_media":45371,"comment_status":"closed","ping_status":"closed","sticky":false,"template":"","format":"standard","meta":{"footnotes":""},"categories":[447,597,485,7541],"tags":[],"class_list":["post-45370","post","type-post","status-publish","format-standard","has-post-thumbnail","","category-local-politica","category-cinta-de-noticias","category-informes-negocios-y-finanzas","category-ultimas-noticias"],"_links":{"self":[{"href":"https:\/\/archive.sana.sy\/es\/index.php?rest_route=\/wp\/v2\/posts\/45370"}],"collection":[{"href":"https:\/\/archive.sana.sy\/es\/index.php?rest_route=\/wp\/v2\/posts"}],"about":[{"href":"https:\/\/archive.sana.sy\/es\/index.php?rest_route=\/wp\/v2\/types\/post"}],"author":[{"embeddable":true,"href":"https:\/\/archive.sana.sy\/es\/index.php?rest_route=\/wp\/v2\/users\/24"}],"replies":[{"embeddable":true,"href":"https:\/\/archive.sana.sy\/es\/index.php?rest_route=%2Fwp%2Fv2%2Fcomments&post=45370"}],"version-history":[{"count":0,"href":"https:\/\/archive.sana.sy\/es\/index.php?rest_route=\/wp\/v2\/posts\/45370\/revisions"}],"wp:featuredmedia":[{"embeddable":true,"href":"https:\/\/archive.sana.sy\/es\/index.php?rest_route=\/wp\/v2\/media\/45371"}],"wp:attachment":[{"href":"https:\/\/archive.sana.sy\/es\/index.php?rest_route=%2Fwp%2Fv2%2Fmedia&parent=45370"}],"wp:term":[{"taxonomy":"category","embeddable":true,"href":"https:\/\/archive.sana.sy\/es\/index.php?rest_route=%2Fwp%2Fv2%2Fcategories&post=45370"},{"taxonomy":"post_tag","embeddable":true,"href":"https:\/\/archive.sana.sy\/es\/index.php?rest_route=%2Fwp%2Fv2%2Ftags&post=45370"}],"curies":[{"name":"wp","href":"https:\/\/api.w.org\/{rel}","templated":true}]}}