{"id":45390,"date":"2016-06-15T19:57:11","date_gmt":"2016-06-15T16:57:11","guid":{"rendered":"http:\/\/www.sana.sy\/es\/?p=45390"},"modified":"2016-06-15T19:57:11","modified_gmt":"2016-06-15T16:57:11","slug":"moscu-convoca-a-embajador-galo-tras-incidente-con-un-grupo-de-aficionados-rusos","status":"publish","type":"post","link":"https:\/\/archive.sana.sy\/es\/?p=45390","title":{"rendered":"Mosc\u00fa convoca a embajador galo tras incidente con un grupo de aficionados rusos"},"content":{"rendered":"<p style=\"text-align: justify\"><span style=\"color: #800000\">Mosc\u00fa, SANA<\/span>&#8211; El Ministerio de Exteriores de Rusia convoc\u00f3 al embajador franc\u00e9s en Mosc\u00fa tras detenci\u00f3n de un grupo de hinchas rusos en Francia, en el marco de la celebraci\u00f3n del Campeonato Europeo de F\u00fatbol, anunci\u00f3 la Canciller\u00eda rusa.<\/p>\n<p style=\"text-align: justify\">De acuerdo con la fuente, el 15 de este mes en curso el embajador franc\u00e9s, Jean-Maurice Ripert, ha sido convocado por el Ministerio de Exteriores ruso, donde el embajador recibi\u00f3 una nota de protesta tras el incidente ocurrido con un grupo de los hinchas rusos.<\/p>\n<p style=\"text-align: justify\">El Ministerio ruso critic\u00f3 ante el diplom\u00e1tico franc\u00e9s el car\u00e1cter discriminatorio y arbitrario de las medidas aplicadas contra los ciudadanos rusos, lo que podr\u00eda afectar negativamente a las relaciones entre ambos pa\u00edses.<\/p>\n<p>Cabe se\u00f1alar que el martes las fuerzas francesas detuvieron un autob\u00fas con un grupo de aficionados rusos que se dirig\u00edan a la ciudad de Lille para asistir al partido entre Rusia y Eslovaquia.<\/p>\n<p>M.Miri<\/p>\n","protected":false},"excerpt":{"rendered":"<p>Mosc\u00fa, SANA&#8211; El Ministerio de Exteriores de Rusia convoc\u00f3 al embajador franc\u00e9s en Mosc\u00fa tras detenci\u00f3n de un grupo de hinchas rusos en Francia, en el marco de la celebraci\u00f3n del Campeonato Europeo de F\u00fatbol, anunci\u00f3 la Canciller\u00eda rusa. De acuerdo con la fuente, el 15 de este mes en curso el embajador franc\u00e9s, Jean-Maurice &hellip;<\/p>\n","protected":false},"author":1,"featured_media":45391,"comment_status":"closed","ping_status":"closed","sticky":false,"template":"","format":"standard","meta":{"footnotes":""},"categories":[456,457,7541],"tags":[6695],"class_list":["post-45390","post","type-post","status-publish","format-standard","has-post-thumbnail","","category-arabe-internacional-politica","category-noticias-arabe-internacional-politica","category-ultimas-noticias","tag-rusia"],"_links":{"self":[{"href":"https:\/\/archive.sana.sy\/es\/index.php?rest_route=\/wp\/v2\/posts\/45390"}],"collection":[{"href":"https:\/\/archive.sana.sy\/es\/index.php?rest_route=\/wp\/v2\/posts"}],"about":[{"href":"https:\/\/archive.sana.sy\/es\/index.php?rest_route=\/wp\/v2\/types\/post"}],"author":[{"embeddable":true,"href":"https:\/\/archive.sana.sy\/es\/index.php?rest_route=\/wp\/v2\/users\/1"}],"replies":[{"embeddable":true,"href":"https:\/\/archive.sana.sy\/es\/index.php?rest_route=%2Fwp%2Fv2%2Fcomments&post=45390"}],"version-history":[{"count":0,"href":"https:\/\/archive.sana.sy\/es\/index.php?rest_route=\/wp\/v2\/posts\/45390\/revisions"}],"wp:featuredmedia":[{"embeddable":true,"href":"https:\/\/archive.sana.sy\/es\/index.php?rest_route=\/wp\/v2\/media\/45391"}],"wp:attachment":[{"href":"https:\/\/archive.sana.sy\/es\/index.php?rest_route=%2Fwp%2Fv2%2Fmedia&parent=45390"}],"wp:term":[{"taxonomy":"category","embeddable":true,"href":"https:\/\/archive.sana.sy\/es\/index.php?rest_route=%2Fwp%2Fv2%2Fcategories&post=45390"},{"taxonomy":"post_tag","embeddable":true,"href":"https:\/\/archive.sana.sy\/es\/index.php?rest_route=%2Fwp%2Fv2%2Ftags&post=45390"}],"curies":[{"name":"wp","href":"https:\/\/api.w.org\/{rel}","templated":true}]}}