{"id":45394,"date":"2016-06-15T20:10:44","date_gmt":"2016-06-15T17:10:44","guid":{"rendered":"http:\/\/www.sana.sy\/es\/?p=45394"},"modified":"2016-06-15T20:12:32","modified_gmt":"2016-06-15T17:12:32","slug":"ministro-haider-subraya-la-importancia-de-las-conciliaciones-nacionales-en-siria","status":"publish","type":"post","link":"https:\/\/archive.sana.sy\/es\/?p=45394","title":{"rendered":"Ministro Haider recibe a una delegaci\u00f3n de expatriados sirios"},"content":{"rendered":"<p style=\"text-align: justify\"><span style=\"color: #800000\">Damasco, SANA<\/span>&#8211; Ministro de Estado para Asuntos de Reconciliaci\u00f3n Nacional el Dr. Ali Haidar explic\u00f3 que las conciliaciones locales, junto con los logros del ej\u00e9rcito sirio, constituyen una garant\u00eda del pueblo sirio para un futuro sin terrorismo.<\/p>\n<p style=\"text-align: justify\">Los comentarios del ministro de Haidar se produjeron durante su reuni\u00f3n el mi\u00e9rcoles con una delegaci\u00f3n de expatriados sirios en los EE.UU., Canad\u00e1, Kuwait, Emiratos \u00c1rabes Unidos y otros pa\u00edses.<\/p>\n<p style=\"text-align: justify\"><a href=\"http:\/\/www.sana.sy\/es\/?attachment_id=45396\" rel=\"attachment wp-att-45396\"><img loading=\"lazy\" decoding=\"async\" class=\"alignnone size-medium wp-image-45396\" src=\"http:\/\/www.sana.sy\/es\/wp-content\/uploads\/2016\/06\/ALI-HAIDAR-2-300x200.jpg\" alt=\"ALI HAIDAR 2\" width=\"300\" height=\"200\" srcset=\"https:\/\/archive.sana.sy\/es\/wp-content\/uploads\/2016\/06\/ALI-HAIDAR-2.jpg 300w, https:\/\/archive.sana.sy\/es\/wp-content\/uploads\/2016\/06\/ALI-HAIDAR-2-150x100.jpg 150w\" sizes=\"(max-width: 300px) 100vw, 300px\" \/><\/a><\/p>\n<p style=\"text-align: justify\">Haidar dijo que los pa\u00edses occidentales, especialmente los EE.UU., han contribuido a la expansi\u00f3n del terrorismo mediante la imposici\u00f3n de sanciones econ\u00f3micas contra el pueblo sirio, se\u00f1alando que las amenazas terroristas que enfrentan los estados occidentales son una &#8220;consecuencia inevitable&#8221; de las pol\u00edticas de sus gobiernos y su falta de una visi\u00f3n estrat\u00e9gica clara. Asimismo, el titular sirio critic\u00f3 la doble moral de Occidente en relaci\u00f3n con la lucha contra el terrorismo.<\/p>\n<p style=\"text-align: justify\">Por su parte, los miembros de la delegaci\u00f3n, expresaron su disposici\u00f3n para aclarar los verdaderos hechos relativos a la situaci\u00f3n en Siria, expresando su confianza en los principios firmes del estado sirio en la lucha contra el terrorismo, apoyando al mismo el proceso de las conciliaciones y del di\u00e1logo inter-sirio.<\/p>\n<p>M.Miri<\/p>\n","protected":false},"excerpt":{"rendered":"<p>Damasco, SANA&#8211; Ministro de Estado para Asuntos de Reconciliaci\u00f3n Nacional el Dr. Ali Haidar explic\u00f3 que las conciliaciones locales, junto con los logros del ej\u00e9rcito sirio, constituyen una garant\u00eda del pueblo sirio para un futuro sin terrorismo. Los comentarios del ministro de Haidar se produjeron durante su reuni\u00f3n el mi\u00e9rcoles con una delegaci\u00f3n de expatriados &hellip;<\/p>\n","protected":false},"author":1,"featured_media":45395,"comment_status":"closed","ping_status":"closed","sticky":false,"template":"","format":"standard","meta":{"footnotes":""},"categories":[477,476,7541],"tags":[8759],"class_list":["post-45394","post","type-post","status-publish","format-standard","has-post-thumbnail","","category-noticias-edulcorantes","category-locales","category-ultimas-noticias","tag-ali-hahidar"],"_links":{"self":[{"href":"https:\/\/archive.sana.sy\/es\/index.php?rest_route=\/wp\/v2\/posts\/45394"}],"collection":[{"href":"https:\/\/archive.sana.sy\/es\/index.php?rest_route=\/wp\/v2\/posts"}],"about":[{"href":"https:\/\/archive.sana.sy\/es\/index.php?rest_route=\/wp\/v2\/types\/post"}],"author":[{"embeddable":true,"href":"https:\/\/archive.sana.sy\/es\/index.php?rest_route=\/wp\/v2\/users\/1"}],"replies":[{"embeddable":true,"href":"https:\/\/archive.sana.sy\/es\/index.php?rest_route=%2Fwp%2Fv2%2Fcomments&post=45394"}],"version-history":[{"count":0,"href":"https:\/\/archive.sana.sy\/es\/index.php?rest_route=\/wp\/v2\/posts\/45394\/revisions"}],"wp:featuredmedia":[{"embeddable":true,"href":"https:\/\/archive.sana.sy\/es\/index.php?rest_route=\/wp\/v2\/media\/45395"}],"wp:attachment":[{"href":"https:\/\/archive.sana.sy\/es\/index.php?rest_route=%2Fwp%2Fv2%2Fmedia&parent=45394"}],"wp:term":[{"taxonomy":"category","embeddable":true,"href":"https:\/\/archive.sana.sy\/es\/index.php?rest_route=%2Fwp%2Fv2%2Fcategories&post=45394"},{"taxonomy":"post_tag","embeddable":true,"href":"https:\/\/archive.sana.sy\/es\/index.php?rest_route=%2Fwp%2Fv2%2Ftags&post=45394"}],"curies":[{"name":"wp","href":"https:\/\/api.w.org\/{rel}","templated":true}]}}