{"id":45402,"date":"2016-06-15T22:48:49","date_gmt":"2016-06-15T19:48:49","guid":{"rendered":"http:\/\/www.sana.sy\/es\/?p=45402"},"modified":"2016-06-16T19:21:24","modified_gmt":"2016-06-16T16:21:24","slug":"misa-en-memoria-del-genocidio-siriaco-seyfo-1915","status":"publish","type":"post","link":"https:\/\/archive.sana.sy\/es\/?p=45402","title":{"rendered":"Misa en memoria del genocidio sir\u00edaco (Seyfo 1915)"},"content":{"rendered":"<p style=\"text-align: justify\"><span style=\"color: #800000\">Damasco, SANA<\/span>&#8211; Una misa se celebr\u00f3 el mi\u00e9rcoles en la catedral de Mar Gregory para sir\u00edaca ortodoxa de Damasco, en el centenario aniversario del genocidio sir\u00edaco (Seyfo 1915). La misa fue dirigida por el Patriarca Moran Mor Ignacio Aphrem II Karim<\/p>\n<p style=\"text-align: justify\">El Patriarca Aphrem dijo que recordar a los m\u00e1rtires, asirios y armenios, que fueron asesinados a manos de los otomanos, nos da un impulso a permanecer aqu\u00ed en Siria y defenderla frente al terrorismo.<\/p>\n<p style=\"text-align: justify\"><a href=\"http:\/\/www.sana.sy\/es\/?attachment_id=45404\" rel=\"attachment wp-att-45404\"><img loading=\"lazy\" decoding=\"async\" class=\"alignnone size-medium wp-image-45404\" src=\"http:\/\/www.sana.sy\/es\/wp-content\/uploads\/2016\/06\/MISA-2-300x145.jpg\" alt=\"MISA 2\" width=\"300\" height=\"145\" srcset=\"https:\/\/archive.sana.sy\/es\/wp-content\/uploads\/2016\/06\/MISA-2.jpg 300w, https:\/\/archive.sana.sy\/es\/wp-content\/uploads\/2016\/06\/MISA-2-150x73.jpg 150w\" sizes=\"(max-width: 300px) 100vw, 300px\" \/><\/a><\/p>\n<p style=\"text-align: justify\">&#8220;El recuerdo de las matanzas que mat\u00f3 a medio mill\u00f3n de personas sir\u00edacas y m\u00e1s de mill\u00f3n y medio de armenios permanecer\u00e1 vivo en nuestros corazones y los recordaremos en nuestras oraciones&#8221;, coment\u00f3 el Patriarca.<\/p>\n<p style=\"text-align: justify\">En el mismo contexto, el Patriarca llam\u00f3 a los gobiernos y parlamentos del mundo a reconocer los genocidios, al igual de la postura del Parlamento alem\u00e1n que \u00faltimamente reconoci\u00f3 el genocidio.<\/p>\n<p style=\"text-align: justify\"><a href=\"http:\/\/www.sana.sy\/es\/?attachment_id=45405\" rel=\"attachment wp-att-45405\"><img loading=\"lazy\" decoding=\"async\" class=\"alignnone size-medium wp-image-45405\" src=\"http:\/\/www.sana.sy\/es\/wp-content\/uploads\/2016\/06\/MISA-3-300x145.jpg\" alt=\"MISA 3\" width=\"300\" height=\"145\" srcset=\"https:\/\/archive.sana.sy\/es\/wp-content\/uploads\/2016\/06\/MISA-3.jpg 300w, https:\/\/archive.sana.sy\/es\/wp-content\/uploads\/2016\/06\/MISA-3-150x73.jpg 150w\" sizes=\"(max-width: 300px) 100vw, 300px\" \/><\/a><\/p>\n<p style=\"text-align: justify\">Despu\u00e9s de la misa, una marcha de velas que parti\u00f3 desde el patriarcado hasta el parque de los m\u00e1rtires sir\u00edacos.<\/p>\n<p>M.Miri<\/p>\n","protected":false},"excerpt":{"rendered":"<p>Damasco, SANA&#8211; Una misa se celebr\u00f3 el mi\u00e9rcoles en la catedral de Mar Gregory para sir\u00edaca ortodoxa de Damasco, en el centenario aniversario del genocidio sir\u00edaco (Seyfo 1915). La misa fue dirigida por el Patriarca Moran Mor Ignacio Aphrem II Karim El Patriarca Aphrem dijo que recordar a los m\u00e1rtires, asirios y armenios, que fueron &hellip;<\/p>\n","protected":false},"author":1,"featured_media":45403,"comment_status":"closed","ping_status":"closed","sticky":false,"template":"","format":"standard","meta":{"footnotes":""},"categories":[477,476,583,7541],"tags":[],"class_list":["post-45402","post","type-post","status-publish","format-standard","has-post-thumbnail","","category-noticias-edulcorantes","category-locales","category-slide","category-ultimas-noticias"],"_links":{"self":[{"href":"https:\/\/archive.sana.sy\/es\/index.php?rest_route=\/wp\/v2\/posts\/45402"}],"collection":[{"href":"https:\/\/archive.sana.sy\/es\/index.php?rest_route=\/wp\/v2\/posts"}],"about":[{"href":"https:\/\/archive.sana.sy\/es\/index.php?rest_route=\/wp\/v2\/types\/post"}],"author":[{"embeddable":true,"href":"https:\/\/archive.sana.sy\/es\/index.php?rest_route=\/wp\/v2\/users\/1"}],"replies":[{"embeddable":true,"href":"https:\/\/archive.sana.sy\/es\/index.php?rest_route=%2Fwp%2Fv2%2Fcomments&post=45402"}],"version-history":[{"count":0,"href":"https:\/\/archive.sana.sy\/es\/index.php?rest_route=\/wp\/v2\/posts\/45402\/revisions"}],"wp:featuredmedia":[{"embeddable":true,"href":"https:\/\/archive.sana.sy\/es\/index.php?rest_route=\/wp\/v2\/media\/45403"}],"wp:attachment":[{"href":"https:\/\/archive.sana.sy\/es\/index.php?rest_route=%2Fwp%2Fv2%2Fmedia&parent=45402"}],"wp:term":[{"taxonomy":"category","embeddable":true,"href":"https:\/\/archive.sana.sy\/es\/index.php?rest_route=%2Fwp%2Fv2%2Fcategories&post=45402"},{"taxonomy":"post_tag","embeddable":true,"href":"https:\/\/archive.sana.sy\/es\/index.php?rest_route=%2Fwp%2Fv2%2Ftags&post=45402"}],"curies":[{"name":"wp","href":"https:\/\/api.w.org\/{rel}","templated":true}]}}