{"id":45428,"date":"2016-06-16T15:45:01","date_gmt":"2016-06-16T12:45:01","guid":{"rendered":"http:\/\/www.sana.sy\/es\/?p=45428"},"modified":"2016-06-16T19:41:58","modified_gmt":"2016-06-16T16:41:58","slug":"fuente-en-ministerio-de-informacion-desmiente-noticias-sobre-formacion-del-nuevo-gobierno","status":"publish","type":"post","link":"https:\/\/archive.sana.sy\/es\/?p=45428","title":{"rendered":"Fuente en Ministerio de Informaci\u00f3n desmiente noticias sobre formaci\u00f3n del nuevo gobierno"},"content":{"rendered":"<p><span style=\"color: #800000\">Damasco, SANA<\/span><\/p>\n<p>Una fuente en el Ministerio de Informaci\u00f3n desminti\u00f3 este jueves noticias sobre la formaci\u00f3n del nuevo gobierno.<\/p>\n<p>\u201cLa formaci\u00f3n del nuevo gobierno se realiza seg\u00fan la Constituci\u00f3n\u201d, afirm\u00f3 la fuente, aclarando que lo publicado por algunas p\u00e1ginas web y otros medios de comunicaci\u00f3n son noticias inexactas.<\/p>\n<p>Lynn A., Hala B.<\/p>\n","protected":false},"excerpt":{"rendered":"<p>Damasco, SANA Una fuente en el Ministerio de Informaci\u00f3n desminti\u00f3 este jueves noticias sobre la formaci\u00f3n del nuevo gobierno. \u201cLa formaci\u00f3n del nuevo gobierno se realiza seg\u00fan la Constituci\u00f3n\u201d, afirm\u00f3 la fuente, aclarando que lo publicado por algunas p\u00e1ginas web y otros medios de comunicaci\u00f3n son noticias inexactas. Lynn A., Hala B.<\/p>\n","protected":false},"author":1,"featured_media":45429,"comment_status":"closed","ping_status":"closed","sticky":false,"template":"","format":"standard","meta":{"footnotes":""},"categories":[477,597,476,7541],"tags":[],"class_list":["post-45428","post","type-post","status-publish","format-standard","has-post-thumbnail","","category-noticias-edulcorantes","category-cinta-de-noticias","category-locales","category-ultimas-noticias"],"_links":{"self":[{"href":"https:\/\/archive.sana.sy\/es\/index.php?rest_route=\/wp\/v2\/posts\/45428"}],"collection":[{"href":"https:\/\/archive.sana.sy\/es\/index.php?rest_route=\/wp\/v2\/posts"}],"about":[{"href":"https:\/\/archive.sana.sy\/es\/index.php?rest_route=\/wp\/v2\/types\/post"}],"author":[{"embeddable":true,"href":"https:\/\/archive.sana.sy\/es\/index.php?rest_route=\/wp\/v2\/users\/1"}],"replies":[{"embeddable":true,"href":"https:\/\/archive.sana.sy\/es\/index.php?rest_route=%2Fwp%2Fv2%2Fcomments&post=45428"}],"version-history":[{"count":0,"href":"https:\/\/archive.sana.sy\/es\/index.php?rest_route=\/wp\/v2\/posts\/45428\/revisions"}],"wp:featuredmedia":[{"embeddable":true,"href":"https:\/\/archive.sana.sy\/es\/index.php?rest_route=\/wp\/v2\/media\/45429"}],"wp:attachment":[{"href":"https:\/\/archive.sana.sy\/es\/index.php?rest_route=%2Fwp%2Fv2%2Fmedia&parent=45428"}],"wp:term":[{"taxonomy":"category","embeddable":true,"href":"https:\/\/archive.sana.sy\/es\/index.php?rest_route=%2Fwp%2Fv2%2Fcategories&post=45428"},{"taxonomy":"post_tag","embeddable":true,"href":"https:\/\/archive.sana.sy\/es\/index.php?rest_route=%2Fwp%2Fv2%2Ftags&post=45428"}],"curies":[{"name":"wp","href":"https:\/\/api.w.org\/{rel}","templated":true}]}}