{"id":45598,"date":"2016-06-20T12:49:38","date_gmt":"2016-06-20T09:49:38","guid":{"rendered":"http:\/\/www.sana.sy\/es\/?p=45598"},"modified":"2016-06-21T19:22:44","modified_gmt":"2016-06-21T16:22:44","slug":"jefe-del-estado-mayor-inspecciona-las-unidades-militares-que-operan-en-alepo-y-el-eje-athreya-tabqa","status":"publish","type":"post","link":"https:\/\/archive.sana.sy\/es\/?p=45598","title":{"rendered":"Jefe del Estado Mayor inspecciona las unidades militares que operan en Alepo y el eje Athreya-Tabqa"},"content":{"rendered":"<p><span style=\"color: #800000\">Alepo, SANA<\/span><\/p>\n<p>Cumpliendo las directivas del Presidente Bashar al Assad, comandante en jefe del Ej\u00e9rcito y las Fuerzas Armadas, el general Ali Abdullah Ayub, Jefe de Estado Mayor del Ej\u00e9rcito, acompa\u00f1ado por un grupo de comandantes generales, efectu\u00f3 un recorrido en el que inspeccion\u00f3 un n\u00famero de unidades y sitios militares en Alepo y su campo, y en el eje Athreya-Tabqa, en los campos de Hama y Raqqa.<\/p>\n<p>El general Ayub estuvo al tanto de la preparaci\u00f3n de las soldados en las unidades y los puntos militares, y fue informado sobre el estado de los combatientes y sus condiciones de trabajo.<\/p>\n<p>Asimismo, transmiti\u00f3 a los soldados los saludos del presidente Bashar al-Assad y su orgullo por sus haza\u00f1as, haciendo hincapi\u00e9 en la importancia de su papel en la erradicaci\u00f3n de las organizaciones terroristas y derrotar los planes destinados a debilitar a Siria y socavar su unidad y soberan\u00eda.<\/p>\n<p>Tambi\u00e9n, expres\u00f3 el aprecio de la c\u00fapula militar por los esfuerzos y sacrificios hechos por los hombres del Ej\u00e9rcito y las fuerzas aliadas en la defensa de la patria, y alab\u00f3 la alta moral en los combates contra los terroristas.<\/p>\n<p>Por su parte, los combatientes afirmaron que preservar\u00edan su pacto con el pueblo y su alta moral hasta la derrota del terrorismo y sus partidarios.<\/p>\n<p><span style=\"color: #0000ff\">Fady M., Hala B.<\/span><\/p>\n","protected":false},"excerpt":{"rendered":"<p>Alepo, SANA Cumpliendo las directivas del Presidente Bashar al Assad, comandante en jefe del Ej\u00e9rcito y las Fuerzas Armadas, el general Ali Abdullah Ayub, Jefe de Estado Mayor del Ej\u00e9rcito, acompa\u00f1ado por un grupo de comandantes generales, efectu\u00f3 un recorrido en el que inspeccion\u00f3 un n\u00famero de unidades y sitios militares en Alepo y su &hellip;<\/p>\n","protected":false},"author":1,"featured_media":45599,"comment_status":"closed","ping_status":"closed","sticky":false,"template":"","format":"standard","meta":{"footnotes":""},"categories":[597,457,576,583,7541],"tags":[8772],"class_list":["post-45598","post","type-post","status-publish","format-standard","has-post-thumbnail","","category-cinta-de-noticias","category-noticias-arabe-internacional-politica","category-noticias-politicas","category-slide","category-ultimas-noticias","tag-jefe-del-estado-mayor-inspecciona-las-unidades-militares-que-operan-en-alepo-y-el-eje-athreya-tabqa"],"_links":{"self":[{"href":"https:\/\/archive.sana.sy\/es\/index.php?rest_route=\/wp\/v2\/posts\/45598"}],"collection":[{"href":"https:\/\/archive.sana.sy\/es\/index.php?rest_route=\/wp\/v2\/posts"}],"about":[{"href":"https:\/\/archive.sana.sy\/es\/index.php?rest_route=\/wp\/v2\/types\/post"}],"author":[{"embeddable":true,"href":"https:\/\/archive.sana.sy\/es\/index.php?rest_route=\/wp\/v2\/users\/1"}],"replies":[{"embeddable":true,"href":"https:\/\/archive.sana.sy\/es\/index.php?rest_route=%2Fwp%2Fv2%2Fcomments&post=45598"}],"version-history":[{"count":0,"href":"https:\/\/archive.sana.sy\/es\/index.php?rest_route=\/wp\/v2\/posts\/45598\/revisions"}],"wp:featuredmedia":[{"embeddable":true,"href":"https:\/\/archive.sana.sy\/es\/index.php?rest_route=\/wp\/v2\/media\/45599"}],"wp:attachment":[{"href":"https:\/\/archive.sana.sy\/es\/index.php?rest_route=%2Fwp%2Fv2%2Fmedia&parent=45598"}],"wp:term":[{"taxonomy":"category","embeddable":true,"href":"https:\/\/archive.sana.sy\/es\/index.php?rest_route=%2Fwp%2Fv2%2Fcategories&post=45598"},{"taxonomy":"post_tag","embeddable":true,"href":"https:\/\/archive.sana.sy\/es\/index.php?rest_route=%2Fwp%2Fv2%2Ftags&post=45598"}],"curies":[{"name":"wp","href":"https:\/\/api.w.org\/{rel}","templated":true}]}}