{"id":45603,"date":"2016-06-21T13:07:04","date_gmt":"2016-06-21T10:07:04","guid":{"rendered":"http:\/\/www.sana.sy\/es\/?p=45603"},"modified":"2016-06-21T13:07:04","modified_gmt":"2016-06-21T10:07:04","slug":"arrestado-un-sospechoso-en-bruselas-tras-amenaza-de-bomba","status":"publish","type":"post","link":"https:\/\/archive.sana.sy\/es\/?p=45603","title":{"rendered":"Arrestado un sospechoso en Bruselas tras amenaza de bomba"},"content":{"rendered":"<div style=\"text-align: justify\"><span style=\"color: #800000\"><b><span lang=\"ES-TRAD\">Bruselas, SANA<\/span><\/b><\/span><\/div>\n<div style=\"text-align: justify\"><\/div>\n<div style=\"text-align: justify\"><span lang=\"ES-TRAD\">Un centro comercial de Bruselas ha sido evacuado este martes por amenaza de bomba. <\/span><\/div>\n<div style=\"text-align: justify\"><span lang=\"ES-TRAD\">Seg\u00fan medios locales, las fuerzas de seguridad detuvieron a un sospechoso que llam\u00f3 a la polic\u00eda amenazando con cometer un atentado con un cintur\u00f3n de explosivos.<\/span><\/div>\n<div style=\"text-align: justify\"><\/div>\n<div style=\"text-align: justify\"><span lang=\"ES-TRAD\">El primer ministro belga Charles Michel declar\u00f3 que la situaci\u00f3n es &#8220;muy seria&#8221; y convoc\u00f3 una reuni\u00f3n de emergencia.<\/span><\/div>\n<div style=\"text-align: justify\"><\/div>\n<div style=\"text-align: justify\"><span lang=\"ES-TRAD\">El recinto del centro comercial City 2 y alrededores han sido cerrados. Hasta el lugar se han desplazado agentes policiales y un equipo de zapadores.<\/span><\/div>\n<div style=\"text-align: justify\"><\/div>\n<div style=\"text-align: justify\"><span lang=\"ES-TRAD\">El s\u00e1bado pasado, 18 de junio, la Polic\u00eda belga detuvo en redadas realizadas en Bruselas a 12 personas sospechosas de preparar un atentado.<\/span><\/div>\n<div style=\"text-align: justify\"><\/div>\n<div style=\"text-align: justify\"><span lang=\"ES-TRAD\">De acuerdo con la Fiscal\u00eda Federal, los detenidos fueron arrestados despu\u00e9s de que 40 personas hayan sido interrogadas durante las redadas.<\/span><\/div>\n<div style=\"text-align: justify\"><\/div>\n<div style=\"text-align: justify\"><span lang=\"ES-TRAD\">Los 12 detenidos supuestamente planeaban llevar a cabo ataques en Bruselas, probablemente durante el partido de la selecci\u00f3n de f\u00fatbol de B\u00e9lgica por la Eurocopa, detallan medios locales.<\/span><\/div>\n<div style=\"text-align: justify\"><\/div>\n<div style=\"text-align: justify\"><span style=\"color: #0000ff\">Fady M., Hala B.<\/span><\/div>\n","protected":false},"excerpt":{"rendered":"<p>Bruselas, SANA Un centro comercial de Bruselas ha sido evacuado este martes por amenaza de bomba. Seg\u00fan medios locales, las fuerzas de seguridad detuvieron a un sospechoso que llam\u00f3 a la polic\u00eda amenazando con cometer un atentado con un cintur\u00f3n de explosivos. El primer ministro belga Charles Michel declar\u00f3 que la situaci\u00f3n es &#8220;muy seria&#8221; &hellip;<\/p>\n","protected":false},"author":1,"featured_media":45604,"comment_status":"closed","ping_status":"closed","sticky":false,"template":"","format":"standard","meta":{"footnotes":""},"categories":[597,456,457,576,7541],"tags":[8774],"class_list":["post-45603","post","type-post","status-publish","format-standard","has-post-thumbnail","","category-cinta-de-noticias","category-arabe-internacional-politica","category-noticias-arabe-internacional-politica","category-noticias-politicas","category-ultimas-noticias","tag-arrestado-un-sospechoso-en-bruselas-tras-amenaza-de-bomba"],"_links":{"self":[{"href":"https:\/\/archive.sana.sy\/es\/index.php?rest_route=\/wp\/v2\/posts\/45603"}],"collection":[{"href":"https:\/\/archive.sana.sy\/es\/index.php?rest_route=\/wp\/v2\/posts"}],"about":[{"href":"https:\/\/archive.sana.sy\/es\/index.php?rest_route=\/wp\/v2\/types\/post"}],"author":[{"embeddable":true,"href":"https:\/\/archive.sana.sy\/es\/index.php?rest_route=\/wp\/v2\/users\/1"}],"replies":[{"embeddable":true,"href":"https:\/\/archive.sana.sy\/es\/index.php?rest_route=%2Fwp%2Fv2%2Fcomments&post=45603"}],"version-history":[{"count":0,"href":"https:\/\/archive.sana.sy\/es\/index.php?rest_route=\/wp\/v2\/posts\/45603\/revisions"}],"wp:featuredmedia":[{"embeddable":true,"href":"https:\/\/archive.sana.sy\/es\/index.php?rest_route=\/wp\/v2\/media\/45604"}],"wp:attachment":[{"href":"https:\/\/archive.sana.sy\/es\/index.php?rest_route=%2Fwp%2Fv2%2Fmedia&parent=45603"}],"wp:term":[{"taxonomy":"category","embeddable":true,"href":"https:\/\/archive.sana.sy\/es\/index.php?rest_route=%2Fwp%2Fv2%2Fcategories&post=45603"},{"taxonomy":"post_tag","embeddable":true,"href":"https:\/\/archive.sana.sy\/es\/index.php?rest_route=%2Fwp%2Fv2%2Ftags&post=45603"}],"curies":[{"name":"wp","href":"https:\/\/api.w.org\/{rel}","templated":true}]}}