{"id":45622,"date":"2016-06-21T18:55:27","date_gmt":"2016-06-21T15:55:27","guid":{"rendered":"http:\/\/www.sana.sy\/es\/?p=45622"},"modified":"2016-06-21T18:55:27","modified_gmt":"2016-06-21T15:55:27","slug":"iran-reitera-su-firme-apoyo-a-siria-frente-a-la-guerra-terrorista","status":"publish","type":"post","link":"https:\/\/archive.sana.sy\/es\/?p=45622","title":{"rendered":"Ir\u00e1n reitera su firme apoyo a Siria frente a la guerra terrorista"},"content":{"rendered":"<p><span style=\"color: #800000\">Teher\u00e1n, SANA<\/span><\/p>\n<p>El asesor del L\u00edder de la Revoluci\u00f3n Isl\u00e1mica de Ir\u00e1n, Ali Akbar Wilayati afirm\u00f3 que la coordinaci\u00f3n entre Siria, Ir\u00e1n y Rusia en materia de la lucha contra el terrorismo va por el inter\u00e9s del pueblo sirio y la seguridad y estabilidad de la regi\u00f3n.<\/p>\n<p>Al reunirse con el embajador de Siria en Ir\u00e1n, Adnan Mahmoud, el alto funcionario iran\u00ed aclar\u00f3 que nadie puede arrodillar a Siria, pa\u00eds cuyos ej\u00e9rcito, pueblo y liderazgo han resistido la guerra terrorista y sus patrocinadores por m\u00e1s de cinco a\u00f1os, subrayando que las victorias del ej\u00e9rcito iraqu\u00ed en Faluya reflejar\u00e1n positivamente sobre la situaci\u00f3n en Siria.<\/p>\n<p>Asimismo reiter\u00f3 el\u00a0firme apoyo de su pa\u00eds a Siria, liderada por el presidente Bashar al-Assad, y su papel clave en el eje de la resistencia hasta restablecer la seguridad al territorio de esta naci\u00f3n.<\/p>\n<p>A su vez, el embajador Mahmoud apreci\u00f3 altamente la postura de Ir\u00e1n, tanto pueblo como liderazgo, en apoyo a Siria frente a la guerra terrorista, resaltando que el ej\u00e9rcito sirio y sus aliados siguen logrando avances ante los terroristas takfiristas.<\/p>\n<p>Subray\u00f3 que la resistencia de Siria y sus aliados ante el terrorismo y sus patrocinadores ha impedido la ca\u00edda de toda la regi\u00f3n en las manos de los extremsitas, as\u00ed como torpede\u00f3 los planes de las fuerzas hegem\u00f3nicas para dividir a Oriente Medio.<\/p>\n<p>&nbsp;<br \/>\nLynn A.<\/p>\n","protected":false},"excerpt":{"rendered":"<p>Teher\u00e1n, SANA El asesor del L\u00edder de la Revoluci\u00f3n Isl\u00e1mica de Ir\u00e1n, Ali Akbar Wilayati afirm\u00f3 que la coordinaci\u00f3n entre Siria, Ir\u00e1n y Rusia en materia de la lucha contra el terrorismo va por el inter\u00e9s del pueblo sirio y la seguridad y estabilidad de la regi\u00f3n. Al reunirse con el embajador de Siria en &hellip;<\/p>\n","protected":false},"author":24,"featured_media":45623,"comment_status":"closed","ping_status":"closed","sticky":false,"template":"","format":"standard","meta":{"footnotes":""},"categories":[467,7541],"tags":[],"class_list":["post-45622","post","type-post","status-publish","format-standard","has-post-thumbnail","","category-siria-y-el-mundo","category-ultimas-noticias"],"_links":{"self":[{"href":"https:\/\/archive.sana.sy\/es\/index.php?rest_route=\/wp\/v2\/posts\/45622"}],"collection":[{"href":"https:\/\/archive.sana.sy\/es\/index.php?rest_route=\/wp\/v2\/posts"}],"about":[{"href":"https:\/\/archive.sana.sy\/es\/index.php?rest_route=\/wp\/v2\/types\/post"}],"author":[{"embeddable":true,"href":"https:\/\/archive.sana.sy\/es\/index.php?rest_route=\/wp\/v2\/users\/24"}],"replies":[{"embeddable":true,"href":"https:\/\/archive.sana.sy\/es\/index.php?rest_route=%2Fwp%2Fv2%2Fcomments&post=45622"}],"version-history":[{"count":0,"href":"https:\/\/archive.sana.sy\/es\/index.php?rest_route=\/wp\/v2\/posts\/45622\/revisions"}],"wp:featuredmedia":[{"embeddable":true,"href":"https:\/\/archive.sana.sy\/es\/index.php?rest_route=\/wp\/v2\/media\/45623"}],"wp:attachment":[{"href":"https:\/\/archive.sana.sy\/es\/index.php?rest_route=%2Fwp%2Fv2%2Fmedia&parent=45622"}],"wp:term":[{"taxonomy":"category","embeddable":true,"href":"https:\/\/archive.sana.sy\/es\/index.php?rest_route=%2Fwp%2Fv2%2Fcategories&post=45622"},{"taxonomy":"post_tag","embeddable":true,"href":"https:\/\/archive.sana.sy\/es\/index.php?rest_route=%2Fwp%2Fv2%2Ftags&post=45622"}],"curies":[{"name":"wp","href":"https:\/\/api.w.org\/{rel}","templated":true}]}}