{"id":45625,"date":"2016-06-21T19:21:17","date_gmt":"2016-06-21T16:21:17","guid":{"rendered":"http:\/\/www.sana.sy\/es\/?p=45625"},"modified":"2016-06-21T19:21:17","modified_gmt":"2016-06-21T16:21:17","slug":"gabinete-debate-razones-detras-de-la-modificacion-de-los-precios-del-combustible","status":"publish","type":"post","link":"https:\/\/archive.sana.sy\/es\/?p=45625","title":{"rendered":"Gabinete debate razones detr\u00e1s de la modificaci\u00f3n de los precios del combustible"},"content":{"rendered":"<p><span style=\"color: #800000\">Damasco, SANA<\/span><\/p>\n<p>El Consejo de Ministro sostuvo este martes su sesi\u00f3n semanal en la cual debati\u00f3 varios asuntos de inter\u00e9s p\u00fablico, especialmente las razones detr\u00e1s de la subida de los precios del combustible, y las medidas tomadas para ejercer control sobre los precios de los productos.<\/p>\n<p>El primer ministro explic\u00f3 que dicha decisi\u00f3n no es espontanea sino que bien estudiada y tiene por objetivo racionalizar los recursos del Estado, y apoyar el proceso de producci\u00f3n.<\/p>\n<p>Al-Halqui explic\u00f3 que la guerra terrorista librada contra el pa\u00eds ha agotado los recursos del Estado debido a que varios sectores dejaron de producir, lo que impuls\u00f3 el gobierno a tomar medidas que contribuyan a poner l\u00edmite al desperdicio y racionalizar el subsidio.<\/p>\n<p>Asimismo continu\u00f3 que el gobierno ya no produce petr\u00f3leo en estas condiciones de guerra, sino que lo compra con divisas, hecho\u00a0que agot\u00f3 el tesoro p\u00fablico, considerando que la decisi\u00f3n de optimizar los precios de los derivados petrol\u00edferos ha sido un requisito urgente para garantizar su disponibilidad.<\/p>\n<p>&#8220;Pese a modificar el precio del combustible, el gobierno mantiene su\u00a0subsidio a los derivados del petr\u00f3leo&#8221;, confirm\u00f3.<\/p>\n<p>En este contexto, llam\u00f3 a los ciudadanos a cooperar con el gobierno para reforzar los recursos del Estado.<\/p>\n<p>El jefe del Ejecutivo reiter\u00f3 que el gobierno mantendr\u00e1 su pol\u00edtica econ\u00f3mica encaminada a fortalecer la resistencia del pueblo y el Estado sirios.<\/p>\n<p>&nbsp;<\/p>\n<p>&nbsp;<\/p>\n<p>Lynn A.<\/p>\n","protected":false},"excerpt":{"rendered":"<p>Damasco, SANA El Consejo de Ministro sostuvo este martes su sesi\u00f3n semanal en la cual debati\u00f3 varios asuntos de inter\u00e9s p\u00fablico, especialmente las razones detr\u00e1s de la subida de los precios del combustible, y las medidas tomadas para ejercer control sobre los precios de los productos. El primer ministro explic\u00f3 que dicha decisi\u00f3n no es &hellip;<\/p>\n","protected":false},"author":24,"featured_media":33694,"comment_status":"closed","ping_status":"closed","sticky":false,"template":"","format":"standard","meta":{"footnotes":""},"categories":[477,597,476,7541],"tags":[],"class_list":["post-45625","post","type-post","status-publish","format-standard","has-post-thumbnail","","category-noticias-edulcorantes","category-cinta-de-noticias","category-locales","category-ultimas-noticias"],"_links":{"self":[{"href":"https:\/\/archive.sana.sy\/es\/index.php?rest_route=\/wp\/v2\/posts\/45625"}],"collection":[{"href":"https:\/\/archive.sana.sy\/es\/index.php?rest_route=\/wp\/v2\/posts"}],"about":[{"href":"https:\/\/archive.sana.sy\/es\/index.php?rest_route=\/wp\/v2\/types\/post"}],"author":[{"embeddable":true,"href":"https:\/\/archive.sana.sy\/es\/index.php?rest_route=\/wp\/v2\/users\/24"}],"replies":[{"embeddable":true,"href":"https:\/\/archive.sana.sy\/es\/index.php?rest_route=%2Fwp%2Fv2%2Fcomments&post=45625"}],"version-history":[{"count":0,"href":"https:\/\/archive.sana.sy\/es\/index.php?rest_route=\/wp\/v2\/posts\/45625\/revisions"}],"wp:featuredmedia":[{"embeddable":true,"href":"https:\/\/archive.sana.sy\/es\/index.php?rest_route=\/wp\/v2\/media\/33694"}],"wp:attachment":[{"href":"https:\/\/archive.sana.sy\/es\/index.php?rest_route=%2Fwp%2Fv2%2Fmedia&parent=45625"}],"wp:term":[{"taxonomy":"category","embeddable":true,"href":"https:\/\/archive.sana.sy\/es\/index.php?rest_route=%2Fwp%2Fv2%2Fcategories&post=45625"},{"taxonomy":"post_tag","embeddable":true,"href":"https:\/\/archive.sana.sy\/es\/index.php?rest_route=%2Fwp%2Fv2%2Ftags&post=45625"}],"curies":[{"name":"wp","href":"https:\/\/api.w.org\/{rel}","templated":true}]}}