{"id":45638,"date":"2016-06-21T21:03:57","date_gmt":"2016-06-21T18:03:57","guid":{"rendered":"http:\/\/www.sana.sy\/es\/?p=45638"},"modified":"2016-06-21T21:03:57","modified_gmt":"2016-06-21T18:03:57","slug":"de-mistura-el-mes-de-agosto-es-la-fecha-limite-para-reanudar-el-dialogo-inter-sirio","status":"publish","type":"post","link":"https:\/\/archive.sana.sy\/es\/?p=45638","title":{"rendered":"De Mistura: el mes de agosto es la fecha l\u00edmite para reanudar el di\u00e1logo inter-sirio"},"content":{"rendered":"<p style=\"text-align: justify\"><span style=\"color: #800000\">Nueva York, SANA<\/span>&#8211; El enviado especial del Secretario General de la ONU a Siria, Staffan de Mistura, anunci\u00f3 que el pr\u00f3ximo mes de agosto es la fecha l\u00edmite para la reanudaci\u00f3n del di\u00e1logo sirio Siria en Ginebra.<\/p>\n<p style=\"text-align: justify\">De Mistura dijo al presentar un informe a la Asamblea General de las Naciones Unidas: &#8220;La ONU sigue decidida en que el mes de agosto es la fecha limite para poner en marcha el proceso de un arreglo pol\u00edtico a la crisis en Siria&#8221;, se\u00f1alando que la nueva ronda del di\u00e1logo requiere que los presidentes del Grupo Internacional de Apoyo a Siria, &#8220;Rusia y los EE.UU. Estados de Am\u00e9rica &#8220;, lleguen a un terreno com\u00fan para empezar a trabajar.<\/p>\n<p style=\"text-align: justify\">En este sentido, de Mistura hizo hincapi\u00e9 en que los sirios son los que deciden el futuro de su pa\u00eds por s\u00ed mismos, elogiando los progresos logrados en la \u00faltima ronda del di\u00e1logo inter-sirio, agregando que el cese de hostilidades sufre grandes desaf\u00edos en varias zonas sirias.<\/p>\n<p style=\"text-align: justify\">De Mistura se\u00f1al\u00f3 que las resoluciones internacionales N\u00b0- 2254 y 2268 exigen una soluci\u00f3n pol\u00edtica a la crisis en Siria, haciendo hincapi\u00e9 en que una soluci\u00f3n militar no est\u00e1 disponible, apreciando la cooperaci\u00f3n del gobierno sirio en hacer llegar las ayudas humanitarias a las personas afectadas.<\/p>\n<p>M.Miri<\/p>\n","protected":false},"excerpt":{"rendered":"<p>Nueva York, SANA&#8211; El enviado especial del Secretario General de la ONU a Siria, Staffan de Mistura, anunci\u00f3 que el pr\u00f3ximo mes de agosto es la fecha l\u00edmite para la reanudaci\u00f3n del di\u00e1logo sirio Siria en Ginebra. De Mistura dijo al presentar un informe a la Asamblea General de las Naciones Unidas: &#8220;La ONU sigue &hellip;<\/p>\n","protected":false},"author":1,"featured_media":45639,"comment_status":"closed","ping_status":"closed","sticky":false,"template":"","format":"standard","meta":{"footnotes":""},"categories":[467,7541],"tags":[8267],"class_list":["post-45638","post","type-post","status-publish","format-standard","has-post-thumbnail","","category-siria-y-el-mundo","category-ultimas-noticias","tag-de-mistura"],"_links":{"self":[{"href":"https:\/\/archive.sana.sy\/es\/index.php?rest_route=\/wp\/v2\/posts\/45638"}],"collection":[{"href":"https:\/\/archive.sana.sy\/es\/index.php?rest_route=\/wp\/v2\/posts"}],"about":[{"href":"https:\/\/archive.sana.sy\/es\/index.php?rest_route=\/wp\/v2\/types\/post"}],"author":[{"embeddable":true,"href":"https:\/\/archive.sana.sy\/es\/index.php?rest_route=\/wp\/v2\/users\/1"}],"replies":[{"embeddable":true,"href":"https:\/\/archive.sana.sy\/es\/index.php?rest_route=%2Fwp%2Fv2%2Fcomments&post=45638"}],"version-history":[{"count":0,"href":"https:\/\/archive.sana.sy\/es\/index.php?rest_route=\/wp\/v2\/posts\/45638\/revisions"}],"wp:featuredmedia":[{"embeddable":true,"href":"https:\/\/archive.sana.sy\/es\/index.php?rest_route=\/wp\/v2\/media\/45639"}],"wp:attachment":[{"href":"https:\/\/archive.sana.sy\/es\/index.php?rest_route=%2Fwp%2Fv2%2Fmedia&parent=45638"}],"wp:term":[{"taxonomy":"category","embeddable":true,"href":"https:\/\/archive.sana.sy\/es\/index.php?rest_route=%2Fwp%2Fv2%2Fcategories&post=45638"},{"taxonomy":"post_tag","embeddable":true,"href":"https:\/\/archive.sana.sy\/es\/index.php?rest_route=%2Fwp%2Fv2%2Ftags&post=45638"}],"curies":[{"name":"wp","href":"https:\/\/api.w.org\/{rel}","templated":true}]}}