{"id":45652,"date":"2016-06-22T12:32:07","date_gmt":"2016-06-22T09:32:07","guid":{"rendered":"http:\/\/www.sana.sy\/es\/?p=45652"},"modified":"2016-06-22T15:53:17","modified_gmt":"2016-06-22T12:53:17","slug":"damasco-ataque-terrorista-en-jordania-confirma-que-el-terrorismo-no-tiene-fronteras","status":"publish","type":"post","link":"https:\/\/archive.sana.sy\/es\/?p=45652","title":{"rendered":"Damasco: ataque terrorista en Jordania confirma que el terrorismo no tiene fronteras"},"content":{"rendered":"<p style=\"text-align: justify\"><span style=\"color: #800000\">Damasco, SANA<\/span><\/p>\n<p style=\"text-align: justify\">Siria conden\u00f3 este mi\u00e9rcoles el atentado terrorista que se produjo el martes en Jordania.<\/p>\n<p style=\"text-align: justify\">Una fuente oficial del Ministerio de Exteriores y Emigrantes declar\u00f3 que la Rep\u00fablica \u00c1rabe Siria condena en\u00e9rgicamente el ataque terrorista y expresa sus condolencias y solidaridad con el hermano pueblo jordano y con las familias de las v\u00edctimas.<\/p>\n<p style=\"text-align: justify\">La fuente agreg\u00f3 que el ataque terrorista que se produjo el martes en Jordania confirma que el terrorismo no tiene fronteras y podr\u00eda tocar a cualquiera.<\/p>\n<p style=\"text-align: justify\">Seg\u00fan la fuente, Siria advirti\u00f3 en repetidas ocasiones de que el terrorismo va a rebotar en contra de sus partidarios y patrocinadores, as\u00ed como siempre reafirm\u00f3 su voluntad y disposici\u00f3n de cooperar con los hermanos en la lucha contra el terrorismo y para la protecci\u00f3n de la seguridad y la estabilidad de la regi\u00f3n.<\/p>\n<p style=\"text-align: justify\"><span style=\"color: #0000ff\">Fady M., Hala B.<\/span><\/p>\n","protected":false},"excerpt":{"rendered":"<p>Damasco, SANA Siria conden\u00f3 este mi\u00e9rcoles el atentado terrorista que se produjo el martes en Jordania. Una fuente oficial del Ministerio de Exteriores y Emigrantes declar\u00f3 que la Rep\u00fablica \u00c1rabe Siria condena en\u00e9rgicamente el ataque terrorista y expresa sus condolencias y solidaridad con el hermano pueblo jordano y con las familias de las v\u00edctimas. La &hellip;<\/p>\n","protected":false},"author":1,"featured_media":35771,"comment_status":"closed","ping_status":"closed","sticky":false,"template":"","format":"standard","meta":{"footnotes":""},"categories":[477,597,476,576,583,7541],"tags":[8782],"class_list":["post-45652","post","type-post","status-publish","format-standard","has-post-thumbnail","","category-noticias-edulcorantes","category-cinta-de-noticias","category-locales","category-noticias-politicas","category-slide","category-ultimas-noticias","tag-damasco-ataque-terrorista-en-jordania-confirma-que-el-terrorismo-no-tiene-fronteras"],"_links":{"self":[{"href":"https:\/\/archive.sana.sy\/es\/index.php?rest_route=\/wp\/v2\/posts\/45652"}],"collection":[{"href":"https:\/\/archive.sana.sy\/es\/index.php?rest_route=\/wp\/v2\/posts"}],"about":[{"href":"https:\/\/archive.sana.sy\/es\/index.php?rest_route=\/wp\/v2\/types\/post"}],"author":[{"embeddable":true,"href":"https:\/\/archive.sana.sy\/es\/index.php?rest_route=\/wp\/v2\/users\/1"}],"replies":[{"embeddable":true,"href":"https:\/\/archive.sana.sy\/es\/index.php?rest_route=%2Fwp%2Fv2%2Fcomments&post=45652"}],"version-history":[{"count":0,"href":"https:\/\/archive.sana.sy\/es\/index.php?rest_route=\/wp\/v2\/posts\/45652\/revisions"}],"wp:featuredmedia":[{"embeddable":true,"href":"https:\/\/archive.sana.sy\/es\/index.php?rest_route=\/wp\/v2\/media\/35771"}],"wp:attachment":[{"href":"https:\/\/archive.sana.sy\/es\/index.php?rest_route=%2Fwp%2Fv2%2Fmedia&parent=45652"}],"wp:term":[{"taxonomy":"category","embeddable":true,"href":"https:\/\/archive.sana.sy\/es\/index.php?rest_route=%2Fwp%2Fv2%2Fcategories&post=45652"},{"taxonomy":"post_tag","embeddable":true,"href":"https:\/\/archive.sana.sy\/es\/index.php?rest_route=%2Fwp%2Fv2%2Ftags&post=45652"}],"curies":[{"name":"wp","href":"https:\/\/api.w.org\/{rel}","templated":true}]}}