{"id":45666,"date":"2016-06-22T14:07:52","date_gmt":"2016-06-22T11:07:52","guid":{"rendered":"http:\/\/www.sana.sy\/es\/?p=45666"},"modified":"2016-06-22T17:02:22","modified_gmt":"2016-06-22T14:02:22","slug":"parlamento-reanuda-su-segunda-sesion-y-debate-varios-temas-economicos-y-de-servicio","status":"publish","type":"post","link":"https:\/\/archive.sana.sy\/es\/?p=45666","title":{"rendered":"Parlamento reanuda su segunda sesi\u00f3n y debate varios temas econ\u00f3micos y de servicio"},"content":{"rendered":"<p style=\"text-align: justify\"><span style=\"color: #800000\">Damasco, SANA<\/span><\/p>\n<p style=\"text-align: justify\">La Asamblea del Pueblo ha reanudado las labores de su segunda sesi\u00f3n del primer Per\u00edodo Ordinario de la segunda Legislatura.<\/p>\n<p style=\"text-align: justify\">La sesi\u00f3n fue encabezada por la presidenta del parlamento, Hadyeah Abbas.<\/p>\n<p style=\"text-align: justify\">Las intervenciones de los diputados se centraron sobre varios temas econ\u00f3micos y de servicio, adem\u00e1s de los mecanismos de activar la funci\u00f3n de la Asamblea a nivel externo.<\/p>\n<p style=\"text-align: justify\">\n<p style=\"text-align: justify\"><span style=\"color: #0000ff\">Fady M., Hala B.<\/span><\/p>\n","protected":false},"excerpt":{"rendered":"<p>Damasco, SANA La Asamblea del Pueblo ha reanudado las labores de su segunda sesi\u00f3n del primer Per\u00edodo Ordinario de la segunda Legislatura. La sesi\u00f3n fue encabezada por la presidenta del parlamento, Hadyeah Abbas. Las intervenciones de los diputados se centraron sobre varios temas econ\u00f3micos y de servicio, adem\u00e1s de los mecanismos de activar la funci\u00f3n &hellip;<\/p>\n","protected":false},"author":1,"featured_media":45691,"comment_status":"closed","ping_status":"closed","sticky":false,"template":"","format":"standard","meta":{"footnotes":""},"categories":[477,597,476,576,7541],"tags":[],"class_list":["post-45666","post","type-post","status-publish","format-standard","has-post-thumbnail","","category-noticias-edulcorantes","category-cinta-de-noticias","category-locales","category-noticias-politicas","category-ultimas-noticias"],"_links":{"self":[{"href":"https:\/\/archive.sana.sy\/es\/index.php?rest_route=\/wp\/v2\/posts\/45666"}],"collection":[{"href":"https:\/\/archive.sana.sy\/es\/index.php?rest_route=\/wp\/v2\/posts"}],"about":[{"href":"https:\/\/archive.sana.sy\/es\/index.php?rest_route=\/wp\/v2\/types\/post"}],"author":[{"embeddable":true,"href":"https:\/\/archive.sana.sy\/es\/index.php?rest_route=\/wp\/v2\/users\/1"}],"replies":[{"embeddable":true,"href":"https:\/\/archive.sana.sy\/es\/index.php?rest_route=%2Fwp%2Fv2%2Fcomments&post=45666"}],"version-history":[{"count":0,"href":"https:\/\/archive.sana.sy\/es\/index.php?rest_route=\/wp\/v2\/posts\/45666\/revisions"}],"wp:featuredmedia":[{"embeddable":true,"href":"https:\/\/archive.sana.sy\/es\/index.php?rest_route=\/wp\/v2\/media\/45691"}],"wp:attachment":[{"href":"https:\/\/archive.sana.sy\/es\/index.php?rest_route=%2Fwp%2Fv2%2Fmedia&parent=45666"}],"wp:term":[{"taxonomy":"category","embeddable":true,"href":"https:\/\/archive.sana.sy\/es\/index.php?rest_route=%2Fwp%2Fv2%2Fcategories&post=45666"},{"taxonomy":"post_tag","embeddable":true,"href":"https:\/\/archive.sana.sy\/es\/index.php?rest_route=%2Fwp%2Fv2%2Ftags&post=45666"}],"curies":[{"name":"wp","href":"https:\/\/api.w.org\/{rel}","templated":true}]}}