{"id":45672,"date":"2016-06-22T14:00:13","date_gmt":"2016-06-22T11:00:13","guid":{"rendered":"http:\/\/www.sana.sy\/es\/?p=45672"},"modified":"2016-06-22T19:52:18","modified_gmt":"2016-06-22T16:52:18","slug":"siria-y-fao-examinan-cooperacion-bilateral-en-el-campo-medioambiental","status":"publish","type":"post","link":"https:\/\/archive.sana.sy\/es\/?p=45672","title":{"rendered":"Siria y FAO examinan cooperaci\u00f3n bilateral en el campo medioambiental"},"content":{"rendered":"<p><span style=\"color: #800000\">Damasco, SANA<\/span><\/p>\n<p style=\"text-align: justify\">La Ministra del Estado para Asuntos Medioambientales, Nazira Sarkis, debati\u00f3 este mi\u00e9rcoles con la representante de la Organizaci\u00f3n para la Agricultura y Alimentaci\u00f3n (FAO) en Siria, Eriko Hibi, y la delegaci\u00f3n que le acompa\u00f1a la situaci\u00f3n del medio ambiente en Siria y los planes del gobierno para reducir la contaminaci\u00f3n y satisfacer las necesidades de los agricultores.<\/p>\n<p style=\"text-align: justify\">El Ministro afirm\u00f3 que el gobierno sigue apoyando la producci\u00f3n agr\u00edcola y busca desarrollarla, en paralelo con su labor de preservar y proteger el medio ambiente a trav\u00e9s de varias medidas, entre ellas el\u00a0uso de las energ\u00edas renovables en lugar de los combustibles f\u00f3siles.<\/p>\n<p style=\"text-align: justify\">Se\u00f1al\u00f3 que el gobierno trabaja para\u00a0apoyar las industrias tradicionales, y proporcionar las materias que\u00a0necesitan los agricultores, tales como las semillas, fertilizantes, y pesticidas a fin de ayudarles a montar proyectos peque\u00f1os y medianos para desarrollar las comunidades rurales, y animarles\u00a0para que no dejen sus \u00e1reas.<\/p>\n<p style=\"text-align: justify\">A su vez, Hibi dijo que el equipo de la FAO efectuar\u00e1 durante sus visitas a las provincias de Hama, Homs, Tartous y Swaida una evaluaci\u00f3n de los cultivos y las necesidades del sector agrario y la seguridad alimentaria.<\/p>\n<p>&nbsp;<\/p>\n<p>Lynn A.<\/p>\n","protected":false},"excerpt":{"rendered":"<p>Damasco, SANA La Ministra del Estado para Asuntos Medioambientales, Nazira Sarkis, debati\u00f3 este mi\u00e9rcoles con la representante de la Organizaci\u00f3n para la Agricultura y Alimentaci\u00f3n (FAO) en Siria, Eriko Hibi, y la delegaci\u00f3n que le acompa\u00f1a la situaci\u00f3n del medio ambiente en Siria y los planes del gobierno para reducir la contaminaci\u00f3n y satisfacer las &hellip;<\/p>\n","protected":false},"author":24,"featured_media":45673,"comment_status":"closed","ping_status":"closed","sticky":false,"template":"","format":"standard","meta":{"footnotes":""},"categories":[477,476,7541],"tags":[],"class_list":["post-45672","post","type-post","status-publish","format-standard","has-post-thumbnail","","category-noticias-edulcorantes","category-locales","category-ultimas-noticias"],"_links":{"self":[{"href":"https:\/\/archive.sana.sy\/es\/index.php?rest_route=\/wp\/v2\/posts\/45672"}],"collection":[{"href":"https:\/\/archive.sana.sy\/es\/index.php?rest_route=\/wp\/v2\/posts"}],"about":[{"href":"https:\/\/archive.sana.sy\/es\/index.php?rest_route=\/wp\/v2\/types\/post"}],"author":[{"embeddable":true,"href":"https:\/\/archive.sana.sy\/es\/index.php?rest_route=\/wp\/v2\/users\/24"}],"replies":[{"embeddable":true,"href":"https:\/\/archive.sana.sy\/es\/index.php?rest_route=%2Fwp%2Fv2%2Fcomments&post=45672"}],"version-history":[{"count":0,"href":"https:\/\/archive.sana.sy\/es\/index.php?rest_route=\/wp\/v2\/posts\/45672\/revisions"}],"wp:featuredmedia":[{"embeddable":true,"href":"https:\/\/archive.sana.sy\/es\/index.php?rest_route=\/wp\/v2\/media\/45673"}],"wp:attachment":[{"href":"https:\/\/archive.sana.sy\/es\/index.php?rest_route=%2Fwp%2Fv2%2Fmedia&parent=45672"}],"wp:term":[{"taxonomy":"category","embeddable":true,"href":"https:\/\/archive.sana.sy\/es\/index.php?rest_route=%2Fwp%2Fv2%2Fcategories&post=45672"},{"taxonomy":"post_tag","embeddable":true,"href":"https:\/\/archive.sana.sy\/es\/index.php?rest_route=%2Fwp%2Fv2%2Ftags&post=45672"}],"curies":[{"name":"wp","href":"https:\/\/api.w.org\/{rel}","templated":true}]}}