{"id":45708,"date":"2016-06-22T19:50:20","date_gmt":"2016-06-22T16:50:20","guid":{"rendered":"http:\/\/www.sana.sy\/es\/?p=45708"},"modified":"2016-06-22T20:06:31","modified_gmt":"2016-06-22T17:06:31","slug":"el-presidente-al-assad-se-reune-con-una-delegacion-de-clerigos-islamicos","status":"publish","type":"post","link":"https:\/\/archive.sana.sy\/es\/?p=45708","title":{"rendered":"El presidente Al-Assad se re\u00fane con una delegaci\u00f3n de cl\u00e9rigos isl\u00e1micos"},"content":{"rendered":"<p style=\"text-align: justify\"><span style=\"color: #800000\">Damasco, SANA<\/span>&#8211; El presidente Bashar al-Assad, recibi\u00f3 el mi\u00e9rcoles a \u00a0una delegaci\u00f3n de cl\u00e9rigos isl\u00e1micos de alto nivel con motivo del mes sagrado de Ramad\u00e1n en presencia del Dr. Mohammed Abdul Sattar, Ministro de Awqaf y el Gran Mufti Dr. Ahmad Badr al-Din Hassoun.<\/p>\n<p style=\"text-align: justify\">Durante el encuentro se trataron los \u00faltimos acontecimientos en Siria y el papel desempe\u00f1ado por las instituciones religiosas en la crisis que enfrenta el pa\u00eds, donde el presidente al-Assad destac\u00f3 la importancia del papel del cl\u00e9rigo en la elevaci\u00f3n del nivel de conciencia con el fin de proteger la religi\u00f3n isl\u00e1mica y la sociedad de los peligros del extremismo, considerando que la diversidad que vive Siria s\u00f3lo ser\u00e1 protegida por la conciencia popular de la sociedad.<\/p>\n<p style=\"text-align: justify\"><a href=\"http:\/\/www.sana.sy\/es\/?attachment_id=45722\" rel=\"attachment wp-att-45722\"><img loading=\"lazy\" decoding=\"async\" class=\"alignnone size-medium wp-image-45722\" src=\"http:\/\/www.sana.sy\/es\/wp-content\/uploads\/2016\/06\/2-128-300x143-300x143.jpg\" alt=\"2-128-300x143\" width=\"300\" height=\"143\" srcset=\"https:\/\/archive.sana.sy\/es\/wp-content\/uploads\/2016\/06\/2-128-300x143.jpg 300w, https:\/\/archive.sana.sy\/es\/wp-content\/uploads\/2016\/06\/2-128-300x143-150x72.jpg 150w\" sizes=\"(max-width: 300px) 100vw, 300px\" \/><\/a><\/p>\n<p style=\"text-align: justify\">El presidente al-Assad subray\u00f3 la importancia del papel de la instituci\u00f3n religiosa en la difusi\u00f3n de la correcta comprensi\u00f3n de la religi\u00f3n, llamando a prestar a las generaciones futuras toda la atenci\u00f3n necesaria, se\u00f1alando que la pr\u00f3xima fase ser\u00e1 m\u00e1s dif\u00edcil al nivel intelectual, ideol\u00f3gico, cultural y social.<\/p>\n<p style=\"text-align: justify\">A su vez, los cl\u00e9rigos reconfirmaron su determinaci\u00f3n de seguir trabajando para purificar la religi\u00f3n del Islam de las impurezas que le hab\u00edan afectado y causadas por las organizaciones que no saben de la religi\u00f3n m\u00e1s que su nombre, haciendo hincapi\u00e9 en que el paso m\u00e1s importante en este contexto es continuar la lucha contra la ideolog\u00eda extremista.<\/p>\n<p style=\"text-align: justify\">\n<p>M.Miri<\/p>\n","protected":false},"excerpt":{"rendered":"<p>Damasco, SANA&#8211; El presidente Bashar al-Assad, recibi\u00f3 el mi\u00e9rcoles a \u00a0una delegaci\u00f3n de cl\u00e9rigos isl\u00e1micos de alto nivel con motivo del mes sagrado de Ramad\u00e1n en presencia del Dr. Mohammed Abdul Sattar, Ministro de Awqaf y el Gran Mufti Dr. Ahmad Badr al-Din Hassoun. Durante el encuentro se trataron los \u00faltimos acontecimientos en Siria y &hellip;<\/p>\n","protected":false},"author":1,"featured_media":45709,"comment_status":"closed","ping_status":"closed","sticky":false,"template":"","format":"standard","meta":{"footnotes":""},"categories":[477,476,583,7541],"tags":[8789],"class_list":["post-45708","post","type-post","status-publish","format-standard","has-post-thumbnail","","category-noticias-edulcorantes","category-locales","category-slide","category-ultimas-noticias","tag-presidente-al-assad"],"_links":{"self":[{"href":"https:\/\/archive.sana.sy\/es\/index.php?rest_route=\/wp\/v2\/posts\/45708"}],"collection":[{"href":"https:\/\/archive.sana.sy\/es\/index.php?rest_route=\/wp\/v2\/posts"}],"about":[{"href":"https:\/\/archive.sana.sy\/es\/index.php?rest_route=\/wp\/v2\/types\/post"}],"author":[{"embeddable":true,"href":"https:\/\/archive.sana.sy\/es\/index.php?rest_route=\/wp\/v2\/users\/1"}],"replies":[{"embeddable":true,"href":"https:\/\/archive.sana.sy\/es\/index.php?rest_route=%2Fwp%2Fv2%2Fcomments&post=45708"}],"version-history":[{"count":0,"href":"https:\/\/archive.sana.sy\/es\/index.php?rest_route=\/wp\/v2\/posts\/45708\/revisions"}],"wp:featuredmedia":[{"embeddable":true,"href":"https:\/\/archive.sana.sy\/es\/index.php?rest_route=\/wp\/v2\/media\/45709"}],"wp:attachment":[{"href":"https:\/\/archive.sana.sy\/es\/index.php?rest_route=%2Fwp%2Fv2%2Fmedia&parent=45708"}],"wp:term":[{"taxonomy":"category","embeddable":true,"href":"https:\/\/archive.sana.sy\/es\/index.php?rest_route=%2Fwp%2Fv2%2Fcategories&post=45708"},{"taxonomy":"post_tag","embeddable":true,"href":"https:\/\/archive.sana.sy\/es\/index.php?rest_route=%2Fwp%2Fv2%2Ftags&post=45708"}],"curies":[{"name":"wp","href":"https:\/\/api.w.org\/{rel}","templated":true}]}}