{"id":45853,"date":"2016-06-25T14:28:17","date_gmt":"2016-06-25T11:28:17","guid":{"rendered":"http:\/\/www.sana.sy\/es\/?p=45853"},"modified":"2016-06-26T16:06:12","modified_gmt":"2016-06-26T13:06:12","slug":"ejercito-amplia-su-control-sobre-algunas-zonas-en-el-campo-de-salamieh","status":"publish","type":"post","link":"https:\/\/archive.sana.sy\/es\/?p=45853","title":{"rendered":"Ej\u00e9rcito ampl\u00eda su control sobre algunas zonas en el campo de Hama y contin\u00faa sus operativos en Raqqa y Deir Ezzor"},"content":{"rendered":"<p><span style=\"color: #800000\">Provincias, SANA<\/span><\/p>\n<p style=\"text-align: justify\">Unidades del Ej\u00e9rcito y las Fuerzas Armadas llevaron a cabo intensivas operaciones contra cuarteles y posiciones de la agrupaci\u00f3n terrorista del Estado Isl\u00e1mico, inscrita en la lista del terrorismo internacional, en el campo este de la provincia central de Hama.<\/p>\n<p style=\"text-align: justify\">Seg\u00fan inform\u00f3 una fuente militar, los militares llevaron a cabo durante las \u00faltimas 24 horas, intensos operativos contra los escondites de los terroristas en el campo este del municipio de Salamieh, donde le destruyeron a los terroristas un veh\u00edculo artillado en la colina Tel Hamra, adem\u00e1s de destruir un dep\u00f3sito de municiones en la zona de Faruq.<\/p>\n<p style=\"text-align: justify\">Mientras tanto, una unidad del ej\u00e9rcito ampli\u00f3 su control en granjas Zahryah y Ambori al este de Salamieh, tras eliminar a todos los terroristas del EI y destruir su armamento.<\/p>\n<p style=\"text-align: justify\"><span style=\"color: #0000ff\">Raqqa<\/span><\/p>\n<p style=\"text-align: justify\">En el noreste del pa\u00eds, la aviaci\u00f3n militar siria bombarde\u00f3 veh\u00edculos blindados y otros artillados de los terroristas del Estado Isl\u00e1mico al sur de la ciudad de Tabaqa situada a 55 km al oeste de la ciudad de Raqqa.<\/p>\n<p style=\"text-align: justify\"><span style=\"color: #0000ff\">Deir Ezzor<\/span><\/p>\n<p style=\"text-align: justify\">En paralelo, los aviones de combate sirios realizaron esta ma\u00f1ana vuelos contra refugios y agrupaciones de terroristas del EI en la provincia de Deir Ezzor.<\/p>\n<p style=\"text-align: justify\">Seg\u00fan una fuente militar, las redadas causaron la destrucci\u00f3n de veh\u00edculos artillados y dos refugios que conten\u00edan pertrechos b\u00e9licos de dicha organizaci\u00f3n terrorista en la periferia del monte de al-Tharda situado en los extremos sure\u00f1os de la ciudad de Deir Ezzor.<\/p>\n<p>Fady M., Lynn A.<\/p>\n","protected":false},"excerpt":{"rendered":"<p>Provincias, SANA Unidades del Ej\u00e9rcito y las Fuerzas Armadas llevaron a cabo intensivas operaciones contra cuarteles y posiciones de la agrupaci\u00f3n terrorista del Estado Isl\u00e1mico, inscrita en la lista del terrorismo internacional, en el campo este de la provincia central de Hama. Seg\u00fan inform\u00f3 una fuente militar, los militares llevaron a cabo durante las \u00faltimas &hellip;<\/p>\n","protected":false},"author":24,"featured_media":36658,"comment_status":"closed","ping_status":"closed","sticky":false,"template":"","format":"standard","meta":{"footnotes":""},"categories":[597,573,583],"tags":[],"class_list":["post-45853","post","type-post","status-publish","format-standard","has-post-thumbnail","","category-cinta-de-noticias","category-la-realidad-de-los-acontecimientos-en-siria","category-slide"],"_links":{"self":[{"href":"https:\/\/archive.sana.sy\/es\/index.php?rest_route=\/wp\/v2\/posts\/45853"}],"collection":[{"href":"https:\/\/archive.sana.sy\/es\/index.php?rest_route=\/wp\/v2\/posts"}],"about":[{"href":"https:\/\/archive.sana.sy\/es\/index.php?rest_route=\/wp\/v2\/types\/post"}],"author":[{"embeddable":true,"href":"https:\/\/archive.sana.sy\/es\/index.php?rest_route=\/wp\/v2\/users\/24"}],"replies":[{"embeddable":true,"href":"https:\/\/archive.sana.sy\/es\/index.php?rest_route=%2Fwp%2Fv2%2Fcomments&post=45853"}],"version-history":[{"count":0,"href":"https:\/\/archive.sana.sy\/es\/index.php?rest_route=\/wp\/v2\/posts\/45853\/revisions"}],"wp:featuredmedia":[{"embeddable":true,"href":"https:\/\/archive.sana.sy\/es\/index.php?rest_route=\/wp\/v2\/media\/36658"}],"wp:attachment":[{"href":"https:\/\/archive.sana.sy\/es\/index.php?rest_route=%2Fwp%2Fv2%2Fmedia&parent=45853"}],"wp:term":[{"taxonomy":"category","embeddable":true,"href":"https:\/\/archive.sana.sy\/es\/index.php?rest_route=%2Fwp%2Fv2%2Fcategories&post=45853"},{"taxonomy":"post_tag","embeddable":true,"href":"https:\/\/archive.sana.sy\/es\/index.php?rest_route=%2Fwp%2Fv2%2Ftags&post=45853"}],"curies":[{"name":"wp","href":"https:\/\/api.w.org\/{rel}","templated":true}]}}