{"id":45874,"date":"2016-06-25T23:02:36","date_gmt":"2016-06-25T20:02:36","guid":{"rendered":"http:\/\/www.sana.sy\/es\/?p=45874"},"modified":"2016-06-26T16:56:50","modified_gmt":"2016-06-26T13:56:50","slug":"sirios-celebran-aniversario-de-la-liberacion-de-quneitra-de-la-ocupacion-israeli","status":"publish","type":"post","link":"https:\/\/archive.sana.sy\/es\/?p=45874","title":{"rendered":"Sirios celebran aniversario de la Liberaci\u00f3n de Quneitra de la ocupaci\u00f3n israel\u00ed"},"content":{"rendered":"<p><span style=\"color: #800000\">Damasco, SANA<\/span><\/p>\n<p style=\"text-align: justify\">El Organismo Popular para la Liberaci\u00f3n del Gol\u00e1n emiti\u00f3 este s\u00e1bado un comunicado con motivo del 42 aniversario de la Liberaci\u00f3n de la ciudad de Quneitra en el que afirm\u00f3 que \u201cla resistencia es la \u00fanica opci\u00f3n y el \u00fanico camino de la dignidad y liberaci\u00f3n del territorio usurpado\u201d.<\/p>\n<p style=\"text-align: justify\">El comunicado resalt\u00f3 el derecho del pueblo sirio a recuperar la totalidad del territorio del Gol\u00e1n ocupado, utilizando todos los medios leg\u00edtimos en virtud de las resoluciones internacionales.<\/p>\n<p style=\"text-align: justify\">Asimismo recalc\u00f3 que Siria seguir\u00e1 torpedeando todas las conspiraciones de sus enemigos gracias a su pueblo, ej\u00e9rcito y liderazgo, aspirando el d\u00eda donde se alzar\u00e1 la bandera siria sobre el territorio del Gol\u00e1n sirio despu\u00e9s de librarlo del ente sionista.<\/p>\n<p style=\"text-align: justify\">Cabe destacar que los sirios celebran el 26 del mes de junio el aniversario de la liberaci\u00f3n de Quneitra, ciudad sobre la cual el eterno presidente Hafez al-Assad ha arbolado la bandera nacional en 1974 despu\u00e9s de haberla liberado de la ocupaci\u00f3n israel\u00ed.<\/p>\n<p>&nbsp;<\/p>\n<p>Lynn A.<\/p>\n","protected":false},"excerpt":{"rendered":"<p>Damasco, SANA El Organismo Popular para la Liberaci\u00f3n del Gol\u00e1n emiti\u00f3 este s\u00e1bado un comunicado con motivo del 42 aniversario de la Liberaci\u00f3n de la ciudad de Quneitra en el que afirm\u00f3 que \u201cla resistencia es la \u00fanica opci\u00f3n y el \u00fanico camino de la dignidad y liberaci\u00f3n del territorio usurpado\u201d. El comunicado resalt\u00f3 el &hellip;<\/p>\n","protected":false},"author":24,"featured_media":45951,"comment_status":"closed","ping_status":"closed","sticky":false,"template":"","format":"standard","meta":{"footnotes":""},"categories":[477,476,583,7541],"tags":[],"class_list":["post-45874","post","type-post","status-publish","format-standard","has-post-thumbnail","","category-noticias-edulcorantes","category-locales","category-slide","category-ultimas-noticias"],"_links":{"self":[{"href":"https:\/\/archive.sana.sy\/es\/index.php?rest_route=\/wp\/v2\/posts\/45874"}],"collection":[{"href":"https:\/\/archive.sana.sy\/es\/index.php?rest_route=\/wp\/v2\/posts"}],"about":[{"href":"https:\/\/archive.sana.sy\/es\/index.php?rest_route=\/wp\/v2\/types\/post"}],"author":[{"embeddable":true,"href":"https:\/\/archive.sana.sy\/es\/index.php?rest_route=\/wp\/v2\/users\/24"}],"replies":[{"embeddable":true,"href":"https:\/\/archive.sana.sy\/es\/index.php?rest_route=%2Fwp%2Fv2%2Fcomments&post=45874"}],"version-history":[{"count":0,"href":"https:\/\/archive.sana.sy\/es\/index.php?rest_route=\/wp\/v2\/posts\/45874\/revisions"}],"wp:featuredmedia":[{"embeddable":true,"href":"https:\/\/archive.sana.sy\/es\/index.php?rest_route=\/wp\/v2\/media\/45951"}],"wp:attachment":[{"href":"https:\/\/archive.sana.sy\/es\/index.php?rest_route=%2Fwp%2Fv2%2Fmedia&parent=45874"}],"wp:term":[{"taxonomy":"category","embeddable":true,"href":"https:\/\/archive.sana.sy\/es\/index.php?rest_route=%2Fwp%2Fv2%2Fcategories&post=45874"},{"taxonomy":"post_tag","embeddable":true,"href":"https:\/\/archive.sana.sy\/es\/index.php?rest_route=%2Fwp%2Fv2%2Ftags&post=45874"}],"curies":[{"name":"wp","href":"https:\/\/api.w.org\/{rel}","templated":true}]}}