{"id":45941,"date":"2016-06-26T15:41:49","date_gmt":"2016-06-26T12:41:49","guid":{"rendered":"http:\/\/www.sana.sy\/es\/?p=45941"},"modified":"2016-06-26T15:41:49","modified_gmt":"2016-06-26T12:41:49","slug":"el-ministerio-del-medio-ambiente-y-la-comision-internacional-de-la-cruz-roja-cicr-debaten-asuntos-de-cooperacion","status":"publish","type":"post","link":"https:\/\/archive.sana.sy\/es\/?p=45941","title":{"rendered":"El Ministerio del Medio Ambiente y la Comisi\u00f3n Internacional de la Cruz Roja (CICR) debaten asuntos de cooperaci\u00f3n"},"content":{"rendered":"<p><span style=\"color: #800000\">Damasco, SANA<\/span><\/p>\n<p>La ministra de Estado para Asuntos del Medio Ambiente en el gobierno de funciones, Dra. Nazira Sarkis, examin\u00f3 con la vicepresidenta de la Comisi\u00f3n Internacional de la Cruz Roja (CICR) Beatriz Oxli las v\u00edas de potenciar la cooperaci\u00f3n bilateral en los \u00e1mbitos de saneamiento ambiental, reducir la contaminaci\u00f3n y preservar la salud p\u00fablica.<\/p>\n<p>En la reuni\u00f3n Sarkis afirm\u00f3 que el ministerio trabaja celosamente por proteger el medio ambiente pues vigila constantemente las aguas potables y la calidad del aire y el suelo, tambi\u00e9n agradeci\u00f3 a la CICR por su apoyo a los proyectos de saneamiento y potabilizaci\u00f3n del agua en Siria.<\/p>\n<p>Sarkis ha propuesto extender la colaboraci\u00f3n con la CICR a proyectos para la reducci\u00f3n de la contaminaci\u00f3n ambiental, adem\u00e1s de usar energ\u00eda solar en los pozos de agua y prescindir del combustible f\u00f3sil, a\u00f1\u00e1dale la posibilidad de realizar peque\u00f1os proyectos generadores de ingreso en algunas comunidades locales que puedan contribuir al saneamiento del medio ambiente.<\/p>\n<p>Por su parte el responsable de los Proyectos de Saneamiento, Aguas e Higiene en la CICR, David Kallin, expres\u00f3 la disposici\u00f3n de la organizaci\u00f3n para elaborar un plan conjunto con el ministerio y ponerlo en marcha seg\u00fan las prioridades.<\/p>\n<p>&nbsp;<\/p>\n<p>Riyad Sh., Lynn A.<\/p>\n","protected":false},"excerpt":{"rendered":"<p>Damasco, SANA La ministra de Estado para Asuntos del Medio Ambiente en el gobierno de funciones, Dra. Nazira Sarkis, examin\u00f3 con la vicepresidenta de la Comisi\u00f3n Internacional de la Cruz Roja (CICR) Beatriz Oxli las v\u00edas de potenciar la cooperaci\u00f3n bilateral en los \u00e1mbitos de saneamiento ambiental, reducir la contaminaci\u00f3n y preservar la salud p\u00fablica. &hellip;<\/p>\n","protected":false},"author":24,"featured_media":45942,"comment_status":"closed","ping_status":"closed","sticky":false,"template":"","format":"standard","meta":{"footnotes":""},"categories":[477,476,7541],"tags":[],"class_list":["post-45941","post","type-post","status-publish","format-standard","has-post-thumbnail","","category-noticias-edulcorantes","category-locales","category-ultimas-noticias"],"_links":{"self":[{"href":"https:\/\/archive.sana.sy\/es\/index.php?rest_route=\/wp\/v2\/posts\/45941"}],"collection":[{"href":"https:\/\/archive.sana.sy\/es\/index.php?rest_route=\/wp\/v2\/posts"}],"about":[{"href":"https:\/\/archive.sana.sy\/es\/index.php?rest_route=\/wp\/v2\/types\/post"}],"author":[{"embeddable":true,"href":"https:\/\/archive.sana.sy\/es\/index.php?rest_route=\/wp\/v2\/users\/24"}],"replies":[{"embeddable":true,"href":"https:\/\/archive.sana.sy\/es\/index.php?rest_route=%2Fwp%2Fv2%2Fcomments&post=45941"}],"version-history":[{"count":0,"href":"https:\/\/archive.sana.sy\/es\/index.php?rest_route=\/wp\/v2\/posts\/45941\/revisions"}],"wp:featuredmedia":[{"embeddable":true,"href":"https:\/\/archive.sana.sy\/es\/index.php?rest_route=\/wp\/v2\/media\/45942"}],"wp:attachment":[{"href":"https:\/\/archive.sana.sy\/es\/index.php?rest_route=%2Fwp%2Fv2%2Fmedia&parent=45941"}],"wp:term":[{"taxonomy":"category","embeddable":true,"href":"https:\/\/archive.sana.sy\/es\/index.php?rest_route=%2Fwp%2Fv2%2Fcategories&post=45941"},{"taxonomy":"post_tag","embeddable":true,"href":"https:\/\/archive.sana.sy\/es\/index.php?rest_route=%2Fwp%2Fv2%2Ftags&post=45941"}],"curies":[{"name":"wp","href":"https:\/\/api.w.org\/{rel}","templated":true}]}}