{"id":46064,"date":"2016-06-29T11:27:23","date_gmt":"2016-06-29T08:27:23","guid":{"rendered":"http:\/\/www.sana.sy\/es\/?p=46064"},"modified":"2016-06-29T20:04:46","modified_gmt":"2016-06-29T17:04:46","slug":"ban-ki-moon-condena-atentados-de-estambul","status":"publish","type":"post","link":"https:\/\/archive.sana.sy\/es\/?p=46064","title":{"rendered":"Ban Ki-moon condena atentados de Estambul"},"content":{"rendered":"<p><span style=\"color: #800000\">Nueva York, SANA<\/span><\/p>\n<p style=\"text-align: justify\">El secretario general de la ONU, Ban Ki-moon, llam\u00f3 a intensificar la lucha anti-terrorista.<\/p>\n<p style=\"text-align: justify\">Comentando sobre los atentados en el aeropuerto Ataturk de Estambul, Ban expres\u00f3 su apoyo y solidaridad a Turqu\u00eda, y subray\u00f3 la importancia de intensificar los esfuerzos regionales e internacionales para contrarrestar el terrorismo y la violencia extremista.<\/p>\n<p style=\"text-align: justify\">Seg\u00fan la oficina de prensa de la ONU, el m\u00e1ximo responsable de la ONU afirm\u00f3 que espera que los organizadores de los ataques en Estambul sean identificados y respondan ante la ley.<\/p>\n<p style=\"text-align: justify\">Tres ataques suicidas y un tiroteo en la terminal internacional del aeropuerto Ataturk provocaron la noche del martes al menos 36 muertos.<\/p>\n<p>Fady M., Hala b<\/p>\n","protected":false},"excerpt":{"rendered":"<p>Nueva York, SANA El secretario general de la ONU, Ban Ki-moon, llam\u00f3 a intensificar la lucha anti-terrorista. Comentando sobre los atentados en el aeropuerto Ataturk de Estambul, Ban expres\u00f3 su apoyo y solidaridad a Turqu\u00eda, y subray\u00f3 la importancia de intensificar los esfuerzos regionales e internacionales para contrarrestar el terrorismo y la violencia extremista. Seg\u00fan &hellip;<\/p>\n","protected":false},"author":1,"featured_media":32535,"comment_status":"closed","ping_status":"closed","sticky":false,"template":"","format":"standard","meta":{"footnotes":""},"categories":[597,456,457,576],"tags":[8817,8815,8816,8813,8814,8818],"class_list":["post-46064","post","type-post","status-publish","format-standard","has-post-thumbnail","","category-cinta-de-noticias","category-arabe-internacional-politica","category-noticias-arabe-internacional-politica","category-noticias-politicas","tag-ban-expreso-su-apoyo-y-solidaridad-a-turquia","tag-ban-ki-moon","tag-llamo-a-intensificar-la-lucha-antiterrorista-comentando-sobre-los-atentados-en-el-aeropuerto-ataturk-de-estambul","tag-nueva-york","tag-sana-el-secretario-general-de-la-onu","tag-y-subrayo-la-importancia-de-intensificar-los-esfuerzos-regionales-e-internacionales-para-contrarrestar-el-terrorismo-y-la-violencia-extremista-segun-la-oficina-de-prensa-de-la-onu"],"_links":{"self":[{"href":"https:\/\/archive.sana.sy\/es\/index.php?rest_route=\/wp\/v2\/posts\/46064"}],"collection":[{"href":"https:\/\/archive.sana.sy\/es\/index.php?rest_route=\/wp\/v2\/posts"}],"about":[{"href":"https:\/\/archive.sana.sy\/es\/index.php?rest_route=\/wp\/v2\/types\/post"}],"author":[{"embeddable":true,"href":"https:\/\/archive.sana.sy\/es\/index.php?rest_route=\/wp\/v2\/users\/1"}],"replies":[{"embeddable":true,"href":"https:\/\/archive.sana.sy\/es\/index.php?rest_route=%2Fwp%2Fv2%2Fcomments&post=46064"}],"version-history":[{"count":0,"href":"https:\/\/archive.sana.sy\/es\/index.php?rest_route=\/wp\/v2\/posts\/46064\/revisions"}],"wp:featuredmedia":[{"embeddable":true,"href":"https:\/\/archive.sana.sy\/es\/index.php?rest_route=\/wp\/v2\/media\/32535"}],"wp:attachment":[{"href":"https:\/\/archive.sana.sy\/es\/index.php?rest_route=%2Fwp%2Fv2%2Fmedia&parent=46064"}],"wp:term":[{"taxonomy":"category","embeddable":true,"href":"https:\/\/archive.sana.sy\/es\/index.php?rest_route=%2Fwp%2Fv2%2Fcategories&post=46064"},{"taxonomy":"post_tag","embeddable":true,"href":"https:\/\/archive.sana.sy\/es\/index.php?rest_route=%2Fwp%2Fv2%2Ftags&post=46064"}],"curies":[{"name":"wp","href":"https:\/\/api.w.org\/{rel}","templated":true}]}}