{"id":46128,"date":"2016-06-29T20:37:36","date_gmt":"2016-06-29T17:37:36","guid":{"rendered":"http:\/\/www.sana.sy\/es\/?p=46128"},"modified":"2016-06-29T20:41:21","modified_gmt":"2016-06-29T17:41:21","slug":"un-obrero-del-ministerio-de-petroleo-cae-martir-por-en-ataque-terrorista-en-homs","status":"publish","type":"post","link":"https:\/\/archive.sana.sy\/es\/?p=46128","title":{"rendered":"Un obrero del Ministerio de Petr\u00f3leo cae m\u00e1rtir en ataque terrorista en Homs"},"content":{"rendered":"<p style=\"text-align: justify\"><span style=\"color: #800000\">Damasco, SANA<\/span>&#8211; El Ministerio de Recursos Minerales y Petr\u00f3leo, anunci\u00f3 el mi\u00e9rcoles el martirio del obrero Hassan Issa, tras resultar herido por un ataque terrorista que sufri\u00f3 mientras realizaba su trabajo.<\/p>\n<p style=\"text-align: justify\">El ministerio explic\u00f3 a trav\u00e9s de su p\u00e1gina en el sitio de red social Facebook que despu\u00e9s de la liberaci\u00f3n de las estaciones de al-Safih y al-Rasafa a manos del Ej\u00e9rcito \u00c1rabe Sirio en la provincia de Raqqa, indicando que el m\u00e1rtir Hassan junto con un grupo de trabajadores que han sido asignados a la tarea de trasladar equipos y m\u00e1quinas desde la estaci\u00f3n hasta la Direcci\u00f3n de la regi\u00f3n central de Homs.<\/p>\n<p style=\"text-align: justify\">&#8221; El d\u00eda veinte de este mes, el veh\u00edculo que transportaba al m\u00e1rtir Hassan sufri\u00f3 un ataque con un artefacto explosivo improvisado plantado por terroristas&#8221;, agreg\u00f3 la fuente.<\/p>\n<p style=\"text-align: justify\">El ministerio resalt\u00f3 que el m\u00e1rtir Hassan Issa naci\u00f3 en la provincia de Homs, del pueblo de Abu Dal\u00ed en 1965, casado y tiene cuatro hijos y comenz\u00f3 a trabajar la Compa\u00f1\u00eda Siria de Petr\u00f3leo (CSP) en 1998.<\/p>\n<p>M.Miri<\/p>\n","protected":false},"excerpt":{"rendered":"<p>Damasco, SANA&#8211; El Ministerio de Recursos Minerales y Petr\u00f3leo, anunci\u00f3 el mi\u00e9rcoles el martirio del obrero Hassan Issa, tras resultar herido por un ataque terrorista que sufri\u00f3 mientras realizaba su trabajo. El ministerio explic\u00f3 a trav\u00e9s de su p\u00e1gina en el sitio de red social Facebook que despu\u00e9s de la liberaci\u00f3n de las estaciones de &hellip;<\/p>\n","protected":false},"author":1,"featured_media":46129,"comment_status":"closed","ping_status":"closed","sticky":false,"template":"","format":"standard","meta":{"footnotes":""},"categories":[477,476,7541],"tags":[8827],"class_list":["post-46128","post","type-post","status-publish","format-standard","has-post-thumbnail","","category-noticias-edulcorantes","category-locales","category-ultimas-noticias","tag-obrero"],"_links":{"self":[{"href":"https:\/\/archive.sana.sy\/es\/index.php?rest_route=\/wp\/v2\/posts\/46128"}],"collection":[{"href":"https:\/\/archive.sana.sy\/es\/index.php?rest_route=\/wp\/v2\/posts"}],"about":[{"href":"https:\/\/archive.sana.sy\/es\/index.php?rest_route=\/wp\/v2\/types\/post"}],"author":[{"embeddable":true,"href":"https:\/\/archive.sana.sy\/es\/index.php?rest_route=\/wp\/v2\/users\/1"}],"replies":[{"embeddable":true,"href":"https:\/\/archive.sana.sy\/es\/index.php?rest_route=%2Fwp%2Fv2%2Fcomments&post=46128"}],"version-history":[{"count":0,"href":"https:\/\/archive.sana.sy\/es\/index.php?rest_route=\/wp\/v2\/posts\/46128\/revisions"}],"wp:featuredmedia":[{"embeddable":true,"href":"https:\/\/archive.sana.sy\/es\/index.php?rest_route=\/wp\/v2\/media\/46129"}],"wp:attachment":[{"href":"https:\/\/archive.sana.sy\/es\/index.php?rest_route=%2Fwp%2Fv2%2Fmedia&parent=46128"}],"wp:term":[{"taxonomy":"category","embeddable":true,"href":"https:\/\/archive.sana.sy\/es\/index.php?rest_route=%2Fwp%2Fv2%2Fcategories&post=46128"},{"taxonomy":"post_tag","embeddable":true,"href":"https:\/\/archive.sana.sy\/es\/index.php?rest_route=%2Fwp%2Fv2%2Ftags&post=46128"}],"curies":[{"name":"wp","href":"https:\/\/api.w.org\/{rel}","templated":true}]}}