{"id":46133,"date":"2016-06-29T21:07:29","date_gmt":"2016-06-29T18:07:29","guid":{"rendered":"http:\/\/www.sana.sy\/es\/?p=46133"},"modified":"2016-06-29T21:07:29","modified_gmt":"2016-06-29T18:07:29","slug":"musulmanes-liberales-en-austria-exigen-la-prohibicion-de-la-organizacion-terrorista-de-los-hermanos-musulmanes","status":"publish","type":"post","link":"https:\/\/archive.sana.sy\/es\/?p=46133","title":{"rendered":"Musulmanes liberales en Austria exigen la prohibici\u00f3n de la organizaci\u00f3n terrorista de los Hermanos Musulmanes"},"content":{"rendered":"<p style=\"text-align: justify\"><span style=\"color: #800000\">Viena, SANA<\/span>&#8211; Los musulmanes liberales en Austria exigieron mediante una iniciativa a las autoridades austriacas la prohibici\u00f3n de los grupos extremistas y la organizaci\u00f3n de los Hermanos Musulmanes en Austria, e impedir a sus l\u00edderes realizar cualquier actividad pol\u00edtica en el pa\u00eds.<\/p>\n<p style=\"text-align: justify\">La iniciativa exigi\u00f3 la prohibici\u00f3n legal de todas las organizaciones extremistas, que son un terreno f\u00e9rtil para el extremismo y el terrorismo de muchas organizaciones que tratan de cambiar la naturaleza de la verdadera religi\u00f3n isl\u00e1mica en Europa.<\/p>\n<p style=\"text-align: justify\">Asimismo, Iniciativa aclar\u00f3 que los recientes ataques terroristas en Europa han demostrado la fuerte relaci\u00f3n de la relaci\u00f3n entre los terroristas y partes extremistas extranjeras que apoyan el terrorismo en Europa y tratan de extender la cultura del mal y el miedo, llamando a empezar a encontrar soluciones para impedir el llamado &#8220;Islam pol\u00edtico&#8221; y eliminar el terrorismo.<\/p>\n<p>M.Miri<\/p>\n","protected":false},"excerpt":{"rendered":"<p>Viena, SANA&#8211; Los musulmanes liberales en Austria exigieron mediante una iniciativa a las autoridades austriacas la prohibici\u00f3n de los grupos extremistas y la organizaci\u00f3n de los Hermanos Musulmanes en Austria, e impedir a sus l\u00edderes realizar cualquier actividad pol\u00edtica en el pa\u00eds. La iniciativa exigi\u00f3 la prohibici\u00f3n legal de todas las organizaciones extremistas, que son &hellip;<\/p>\n","protected":false},"author":1,"featured_media":46134,"comment_status":"closed","ping_status":"closed","sticky":false,"template":"","format":"standard","meta":{"footnotes":""},"categories":[456,457],"tags":[8828],"class_list":["post-46133","post","type-post","status-publish","format-standard","has-post-thumbnail","","category-arabe-internacional-politica","category-noticias-arabe-internacional-politica","tag-viena"],"_links":{"self":[{"href":"https:\/\/archive.sana.sy\/es\/index.php?rest_route=\/wp\/v2\/posts\/46133"}],"collection":[{"href":"https:\/\/archive.sana.sy\/es\/index.php?rest_route=\/wp\/v2\/posts"}],"about":[{"href":"https:\/\/archive.sana.sy\/es\/index.php?rest_route=\/wp\/v2\/types\/post"}],"author":[{"embeddable":true,"href":"https:\/\/archive.sana.sy\/es\/index.php?rest_route=\/wp\/v2\/users\/1"}],"replies":[{"embeddable":true,"href":"https:\/\/archive.sana.sy\/es\/index.php?rest_route=%2Fwp%2Fv2%2Fcomments&post=46133"}],"version-history":[{"count":0,"href":"https:\/\/archive.sana.sy\/es\/index.php?rest_route=\/wp\/v2\/posts\/46133\/revisions"}],"wp:featuredmedia":[{"embeddable":true,"href":"https:\/\/archive.sana.sy\/es\/index.php?rest_route=\/wp\/v2\/media\/46134"}],"wp:attachment":[{"href":"https:\/\/archive.sana.sy\/es\/index.php?rest_route=%2Fwp%2Fv2%2Fmedia&parent=46133"}],"wp:term":[{"taxonomy":"category","embeddable":true,"href":"https:\/\/archive.sana.sy\/es\/index.php?rest_route=%2Fwp%2Fv2%2Fcategories&post=46133"},{"taxonomy":"post_tag","embeddable":true,"href":"https:\/\/archive.sana.sy\/es\/index.php?rest_route=%2Fwp%2Fv2%2Ftags&post=46133"}],"curies":[{"name":"wp","href":"https:\/\/api.w.org\/{rel}","templated":true}]}}