{"id":46186,"date":"2016-07-01T23:41:16","date_gmt":"2016-07-01T20:41:16","guid":{"rendered":"http:\/\/www.sana.sy\/es\/?p=46186"},"modified":"2016-07-02T14:44:47","modified_gmt":"2016-07-02T11:44:47","slug":"el-presidente-al-assad-concoide-una-entrevista-al-canal-australiano-sbs","status":"publish","type":"post","link":"https:\/\/archive.sana.sy\/es\/?p=46186","title":{"rendered":"El presidente Al Assad concede una entrevista al canal australiano SBS"},"content":{"rendered":"<p style=\"text-align: justify\"><span style=\"color: #800000\">Damasco, SANA<\/span>&#8211;\u00a0El presidente Bashar al Assad afirm\u00f3 que la contradicci\u00f3n en las declaraciones de los funcionarios australianas y la postura oficial de Australia hacia Siria reflejan el doble rasero de Occidente en general.<\/p>\n<p style=\"text-align: justify\">Periodista:<\/p>\n<p style=\"text-align: justify\">En primer lugar gracias por concedernos esta entrevista. Han pasado m\u00e1s de cinco a\u00f1os desde que empez\u00f3 la crisis de Siria, se estima que alrededor de un cuarto de mill\u00f3n de personas han muerto, muchos de ellos civiles. Hay una cat\u00e1strofe humanitaria que no puede ser negado. \u00bfCu\u00e1l es su opini\u00f3n sobre la situaci\u00f3n actual de la crisis, y cundo cree usted que la crisis tendr\u00e1 su fin?<\/p>\n<p style=\"text-align: justify\"><a href=\"http:\/\/www.sana.sy\/es\/?attachment_id=46191\" rel=\"attachment wp-att-46191\"><img loading=\"lazy\" decoding=\"async\" class=\"alignnone size-medium wp-image-46191\" src=\"http:\/\/www.sana.sy\/es\/wp-content\/uploads\/2016\/07\/111111111111-268x300-268x300.jpg\" alt=\"111111111111-268x300\" width=\"268\" height=\"300\" srcset=\"https:\/\/archive.sana.sy\/es\/wp-content\/uploads\/2016\/07\/111111111111-268x300.jpg 268w, https:\/\/archive.sana.sy\/es\/wp-content\/uploads\/2016\/07\/111111111111-268x300-134x150.jpg 134w\" sizes=\"(max-width: 268px) 100vw, 268px\" \/><\/a><\/p>\n<p style=\"text-align: justify\"><span style=\"color: #0000ff\">El presidente al-Assad:<\/span><\/p>\n<p style=\"text-align: justify\">Por supuesto, la soluci\u00f3n es muy clara y sencilla pero imposible: simple porque es muy clara y porque se cuenta con llevar a cabo un di\u00e1logo entre los sirios sobre el proceso pol\u00edtico, pero al mismo tiempo combatir el terrorismo y los terroristas en Siria. No se puede llegar a una soluci\u00f3n sin ninguna verdadera lucha contra el terrorismo. Es imposible, porque los pa\u00edses que apoyan a los terroristas, ya sean occidentales o regionales, como Turqu\u00eda, Arabia Saudita y Qatar, no quieren dejar de enviar todo tipo de apoyo a los terroristas.<\/p>\n<p style=\"text-align: justify\">Periodista:<\/p>\n<p style=\"text-align: justify\">Varios informes en Occidente indican que el fin es del grupo terrorista Daesh est\u00e1 cerca. \u00bfCree usted que esto es cierto, y cuanto tiempo necesitan para recuperar la ciudad de Raqqa, esta ciudad es muy importante?<\/p>\n<p style=\"text-align: justify\"><span style=\"color: #0000ff\">El presidente al-Assad:<\/span><\/p>\n<p style=\"text-align: justify\">Lo que est\u00e1 ocurriendo no es una carrera. La ciudad de Raqqa es importante al igual que la ciudad de Alepo y Damasco, y cualquier otra ciudad. El riesgo no reside el n\u00famero de terrenos que controlan los grupos terroristas, debido a que esta no es una guerra tradicional, sino se trata de su capacidad que les permite implantar su ideolog\u00eda en las mentes de los residentes en las zonas donde se encuentran. La movilizaci\u00f3n ideol\u00f3gica es el asunto m\u00e1s peligroso. Por lo tanto, llegar a Raqqa no es muy dif\u00edcil desde el punto de vista militar, tiendo en cuenta el apoyo turco a los terroristas.<\/p>\n<p style=\"text-align: justify\">Periodista<\/p>\n<p style=\"text-align: justify\">Sr. Presidente, \u00bfc\u00f3mo dice usted sobre los recientes enfrentamientos entre sus fuerzas y su aliado Hezbol\u00e1 que hablen algunos informes?<\/p>\n<p style=\"text-align: justify\"><span style=\"color: #0000ff\">El presidente al-Assad:<\/span><\/p>\n<p style=\"text-align: justify\">No hay ning\u00fan enfrentamiento, al contrario Hezbol\u00e1 apoya al ej\u00e9rcito sirio y no est\u00e1n luchando contra el ej\u00e9rcito sirio. Nosotros dos estamos luchando contra todos los grupos armados, ya sea Daesh, el Frente al-Nuosra, u otros grupos vinculados a Al Qaeda, y con el apoyo de la Fuerza A\u00e9rea de Rusia.<\/p>\n<p style=\"text-align: justify\">Periodista:<\/p>\n<p style=\"text-align: justify\">Entonces, estos informes son falsos?<\/p>\n<p style=\"text-align: justify\"><span style=\"color: #0000ff\">El presidente al-Assad:<\/span><\/p>\n<p style=\"text-align: justify\">No, no hablan de enfrentamientos, pero digamos intentan hablar de diferencias y diferencias de opini\u00f3n y esto no es cierto, y si nos fijamos en la reciente reuni\u00f3n entre los ministros de Defensa de Siria, Rusia e Ir\u00e1n celebrada en Teher\u00e1n, esto significa que existe una buena coordinaci\u00f3n en materia en relaci\u00f3n con la lucha contra el terrorismo.<\/p>\n<p style=\"text-align: justify\">Periodista:<\/p>\n<p style=\"text-align: justify\">Todos los grupos de la oposici\u00f3n son terroristas?<\/p>\n<p style=\"text-align: justify\"><a href=\"http:\/\/www.sana.sy\/es\/?attachment_id=46193\" rel=\"attachment wp-att-46193\"><img loading=\"lazy\" decoding=\"async\" class=\"alignnone size-medium wp-image-46193\" src=\"http:\/\/www.sana.sy\/es\/wp-content\/uploads\/2016\/07\/\u0627\u0644\u0631\u0626\u064a\u0633-\u0627\u0644\u0623\u0633\u062f-2-300x200-300x200.jpg\" alt=\"\u0627\u0644\u0631\u0626\u064a\u0633-\u0627\u0644\u0623\u0633\u062f-2-300x200\" width=\"300\" height=\"200\" srcset=\"https:\/\/archive.sana.sy\/es\/wp-content\/uploads\/2016\/07\/\u0627\u0644\u0631\u0626\u064a\u0633-\u0627\u0644\u0623\u0633\u062f-2-300x200.jpg 300w, https:\/\/archive.sana.sy\/es\/wp-content\/uploads\/2016\/07\/\u0627\u0644\u0631\u0626\u064a\u0633-\u0627\u0644\u0623\u0633\u062f-2-300x200-150x100.jpg 150w\" sizes=\"(max-width: 300px) 100vw, 300px\" \/><\/a><\/p>\n<p style=\"text-align: justify\"><span style=\"color: #0000ff\">El presidente al-Assad:<\/span><\/p>\n<p style=\"text-align: justify\">Por supuesto que no. Cuando se habla una oposici\u00f3n que adopta un enfoque pol\u00edtico, esta no se califica como terrorista, pero una vez que acude a llevar una ametralladora o cualquier otra arma y trata de aterrorizar a la gente y atacar a la poblaci\u00f3n civil y la propiedad p\u00fablica y privada, en este caso, si se considera terrorista. La oposici\u00f3n debe ser siria y no puede ser una oposici\u00f3n que act\u00faa en nombre de otros pa\u00edses como Arabia Saudita o cualquier otro pa\u00eds.<\/p>\n<p style=\"text-align: justify\">Periodista:<\/p>\n<p style=\"text-align: justify\">Usted ha dicho recientemente que el alto el fuego dio al pueblo sirio una esperanza, ahora, despu\u00e9s de cinco meses, \u00bfcu\u00e1l es su opini\u00f3n sobre este tema?<\/p>\n<p style=\"text-align: justify\"><span style=\"color: #0000ff\">El presidente al-Assad:<\/span><\/p>\n<p style=\"text-align: justify\">El acuerdo del cese de hostilidades sigue en vigor, pero no hay que olvidar que los grupos terroristas violan este acuerdo diariamente, y seg\u00fan el acuerdo nosotros tenemos el derecho de responder cuando los terroristas atacan a las fuerzas gubernamentales. Por lo tanto, se puede decir que el acuerdo sigue vigente en la mayor\u00eda de las \u00e1reas.<\/p>\n<p style=\"text-align: justify\">Periodista:<\/p>\n<p style=\"text-align: justify\">\u00bfC\u00f3mo empez\u00f3 la crisis, en su opini\u00f3n?<\/p>\n<p style=\"text-align: justify\"><span style=\"color: #0000ff\">El presidente al-Assad:<\/span><\/p>\n<p style=\"text-align: justify\">En el principio algunas personas se manifestaron y quer\u00edan la reforma&#8230; No podemos negar esto, y no podemos decir que todos eran terroristas o mercenarios, pero la mayor\u00eda de los manifestantes &#8211; y no estoy hablando aqu\u00ed de los verdaderos manifestantes- han recibido dinero de Qatar para manifestarse, y en una etapa posterior recibieron dinero qatar\u00ed para llevar a cabo acciones armadas&#8230; As\u00ed comenz\u00f3 en realidad, y la historia de los ni\u00f1os que han sido detenidos no es cierta y ha sido inventada.<\/p>\n<p style=\"text-align: justify\">Periosista:<\/p>\n<p style=\"text-align: justify\">Dicen que algunas de estas personas han expresado una necesidad leg\u00edtima de reforma, se pude decir que esto ha sido un resultado de duras acciones emprendidas por su gobierno?<\/p>\n<p style=\"text-align: justify\"><span style=\"color: #0000ff\">El Presidente al- Assad:<\/span><\/p>\n<p style=\"text-align: justify\">No, En Siria se llev\u00f3 a cabo un proceso de reformas que comenzaron principalmente en 2000, y la evidencia sobre que la cuesti\u00f3n no ten\u00eda nada que ver con la reforma, es que nosotros hemos hecho todas las reformas exigidas despu\u00e9s del inicio de la crisis hace cinco a\u00f1os, y nada ha cambiado, hemos cambiado la Constituci\u00f3n y las leyes que la oposici\u00f3n exigi\u00f3 cambiarlas, y la mayor\u00eda de las personas que exig\u00edan la reforma honestamente al comienzo de la crisis, ahora ya no se manifiestan ni se oponen al gobierno, sino cooperan con \u00e9l.<\/p>\n<p style=\"text-align: justify\">Periodista:<\/p>\n<p style=\"text-align: justify\">\u00bfCu\u00e1l es su respuesta al hecho de que algunos de sus ministros han desertado, seg\u00fan dicen ellos por las brutales acciones llevadas a cabo por el gobierno?<\/p>\n<p style=\"text-align: justify\"><a href=\"http:\/\/www.sana.sy\/es\/?attachment_id=46204\" rel=\"attachment wp-att-46204\"><img loading=\"lazy\" decoding=\"async\" class=\"alignnone size-medium wp-image-46204\" src=\"http:\/\/www.sana.sy\/es\/wp-content\/uploads\/2016\/07\/\u0627\u0644\u0631\u0626\u064a\u0633-\u0627\u0644\u0623\u0633\u062f-3-300x205-300x205.jpg\" alt=\"\u0627\u0644\u0631\u0626\u064a\u0633-\u0627\u0644\u0623\u0633\u062f-3-300x205\" width=\"300\" height=\"205\" srcset=\"https:\/\/archive.sana.sy\/es\/wp-content\/uploads\/2016\/07\/\u0627\u0644\u0631\u0626\u064a\u0633-\u0627\u0644\u0623\u0633\u062f-3-300x205.jpg 300w, https:\/\/archive.sana.sy\/es\/wp-content\/uploads\/2016\/07\/\u0627\u0644\u0631\u0626\u064a\u0633-\u0627\u0644\u0623\u0633\u062f-3-300x205-150x103.jpg 150w, https:\/\/archive.sana.sy\/es\/wp-content\/uploads\/2016\/07\/\u0627\u0644\u0631\u0626\u064a\u0633-\u0627\u0644\u0623\u0633\u062f-3-300x205-110x75.jpg 110w\" sizes=\"(max-width: 300px) 100vw, 300px\" \/><\/a><\/p>\n<p style=\"text-align: justify\"><span style=\"color: #0000ff\">El presidente al-Assad:<\/span><\/p>\n<p style=\"text-align: justify\">Ellos desertaron porque se les pidi\u00f3 hacer esto por Arabia Saudita y en algunos casos por Francia u otros pa\u00edses, y ahora pertenecen a la llamada oposici\u00f3n, que a su vez pertenece a esos pa\u00edses, y no a los sirios, y estos no disponen de ning\u00fan valor en Siria, y por lo tanto este asunto no nos preocupa.<\/p>\n<p style=\"text-align: justify\">Periodista:<\/p>\n<p style=\"text-align: justify\">Rusia, su principal aliado, llam\u00f3 para la reanudaci\u00f3n de las conversaciones de paz, cree usted que es una buena idea?<\/p>\n<p style=\"text-align: justify\"><span style=\"color: #0000ff\">El presidente al-Assad:<\/span><\/p>\n<p style=\"text-align: justify\">S\u00ed, por supuesto, apoyamos cualquier di\u00e1logo con todas las partes en Siria, pero en realidad, estas conversaciones a\u00fan no han comenzado y lo que hemos hecho hasta ahora son negociaciones con el facilitador, que el Sr. de Mistura.<\/p>\n<p style=\"text-align: justify\">Periodista:<\/p>\n<p style=\"text-align: justify\">Una de las cuestiones destacadas con respecto a la crisis de Siria, es porque Ir\u00e1n y Rusia siguen siendo fieles a Siria?<\/p>\n<p style=\"text-align: justify\"><span style=\"color: #0000ff\">El presidente al-Assad:<\/span><\/p>\n<p style=\"text-align: justify\">Debido a que la cuesti\u00f3n no tiene nada que ver con el presidente en persona, y esto es parte de la propaganda medi\u00e1tica que dice que Rusia e Ir\u00e1n apoyan a al-Assad o apoyan al presidente, esto no es as\u00ed y se refiere a la situaci\u00f3n en su conjunto, el caos en Siria dar\u00e1 lugar a un efecto domin\u00f3 en nuestra regi\u00f3n, y esto afectar\u00e1 a los pa\u00edses vecinos de Ir\u00e1n y Rusia, y afectar\u00e1 a Europa.<\/p>\n<p style=\"text-align: justify\">Periodista:<\/p>\n<p style=\"text-align: justify\">\u00bfExiste cualquier tipo de di\u00e1logo, directa o indirecto, con los Estados Unidos?<\/p>\n<p style=\"text-align: justify\"><span style=\"color: #0000ff\">El presidente al-Assad:<\/span><\/p>\n<p style=\"text-align: justify\">No, no hay ning\u00fan di\u00e1logo, sino se puede que hay un di\u00e1logo indirecto a trav\u00e9s de diversos canales. Pero si les preguntas se lo van a negar niegan, y nosotros tambi\u00e9n, pero, existen diferentes canales, tales como empresarios que se re\u00fanen con funcionarios norteamericanos y tratan de transmitir algunos mensajes, pero nada es serio, debido a que los EE.UU no est\u00e1 seria en resolver la crisis en Siria.<\/p>\n<p style=\"text-align: justify\">Periodista:<\/p>\n<p style=\"text-align: justify\">Algunos informes hablaron de que alrededor de 50 diplom\u00e1ticos norteamericanos pidieron dirigir unos golpes militares contra Siria. Este hecho plantea sus preocupaciones, y cree usted que esto es un indicador de una pol\u00edtica agresiva de Estados Unidos hacia Siria?<\/p>\n<p style=\"text-align: justify\"><span style=\"color: #0000ff\">El presidente al-Assad:<\/span><\/p>\n<p style=\"text-align: justify\">No, los defensores de la guerra se encuentran en todas las administraciones norteamericanas, esto no es algo nuevo, y realmente no estamos preocupados por esta declaraci\u00f3n. La diferencia entre esta administraci\u00f3n y las administraciones anteriores, es que el gobierno de Bush, por ejemplo, envi\u00f3 a sus fuerzas, en cambio esta administraci\u00f3n env\u00eda sus mercenarios, y pasa por alto todo los que est\u00e1 haciendo Arabia Saudita, Turqu\u00eda y Qatar.<\/p>\n<p style=\"text-align: justify\">Periodista:<\/p>\n<p style=\"text-align: justify\">\u00bfTiene usted un candidato favorito que le gustar\u00eda que gane las elecciones de Estados Unidos?<\/p>\n<p style=\"text-align: justify\"><span style=\"color: #0000ff\">El presidente al-Assad:<\/span><\/p>\n<p style=\"text-align: justify\">En realidad no, nosotros no apostamos a cualquier presidente de Estados Unidos, porque por lo general lo que dicen en su campa\u00f1a electoral es diferente de lo que hacen despu\u00e9s, y Tenemos que esperar y ver su pol\u00edtica, independientemente de qui\u00e9n gane la elecci\u00f3n.<\/p>\n<p style=\"text-align: justify\">Periodista:<\/p>\n<p style=\"text-align: justify\">\u00bf Qu\u00e9 opina usted sobre la salida de Gran Britania de la UE?<\/p>\n<p style=\"text-align: justify\"><span style=\"color: #0000ff\">El presidente al-Assad:<\/span><\/p>\n<p style=\"text-align: justify\">No creo que yo podr\u00eda decir mucho al respecto debido a que este es un asunto brit\u00e1nico, y yo no soy un brit\u00e1nico o europeo, pero al mismo tiempo puedo decir que esto ha sido sorprendente y puede tener diferentes efectos al nivel interior en t\u00e9rminos econ\u00f3micos, o externo en cuanto a las preocupaciones por terrorismo, los problemas de seguridad y los refugiados. No tenemos muchas esperanzas de que van adoptar una nueva pol\u00edtica que tenga efectos positivos hacia Siria y digamos que tenemos poca esperanza, porque no sabemos qui\u00e9n ser\u00e1 el sucesor de Cameron en el Reino Unido.<\/p>\n<p style=\"text-align: justify\">Periodista:<\/p>\n<p style=\"text-align: justify\">Australia es parte de la coalici\u00f3n internacional que se form\u00f3 para derrotar a Daash. Est\u00e1 claro que esto es una de sus metas tambi\u00e9n. En este caso, hay un objetivo com\u00fan. Usted da la bienvenida a la intervenci\u00f3n internacional cuando hay una meta com\u00fan?<\/p>\n<p style=\"text-align: justify\"><span style=\"color: #0000ff\">El presidente al-Assad:<\/span><\/p>\n<p style=\"text-align: justify\">Nosotros damos la bienvenida a cualquier esfuerzo dedicado a combatir el terrorismo, pero deber\u00eda ser verdadero, y no artificial como est\u00e1 ocurriendo en el norte de Siria, donde alrededor de 60 pa\u00edses no han logrado frenar la extensi\u00f3n de Daesh, y en realidad esta extensi\u00f3n se fren\u00f3 con empez\u00f3 el apoyo de la Fuerza A\u00e9rea Rusa.<\/p>\n<p style=\"text-align: justify\">Periodista:<\/p>\n<p>Varios ciudadanos australianos murieron combatiendo con las milicias kurdas o con Daesh. Que mensaje podr\u00eda dirigir usted a estos j\u00f3venes que viene a combatir en Siria?<\/p>\n<p style=\"text-align: justify\"><span style=\"color: #0000ff\">El presidente al-Assad:<\/span><\/p>\n<p style=\"text-align: justify\">Otra vez, si hay extranjeros que vienen a Siria sin la autorizaci\u00f3n del gobierno sirio, su existencia aqu\u00ed es ilegal.<\/p>\n<p style=\"text-align: justify\">Periodista:<\/p>\n<p style=\"text-align: justify\">Australia ha aprobado recoger a nuevos doce mil refugiados sirios, \u00bfQu\u00e9 mensaje puede dirigir a los sirios que a\u00fan dicen que aman a Siria y quieren volver?<\/p>\n<p style=\"text-align: justify\"><span style=\"color: #0000ff\">El presidente al-Assad:<\/span><\/p>\n<p style=\"text-align: justify\">Ha mencionado un punto extremadamente muy importante&#8230; La mayor\u00eda de los refugiados que han abandonado Siria quieren volver a ella. Por lo tanto, cualquier pa\u00eds que les ayud\u00f3 a entrar a su nuevo pa\u00eds, le damos la bienvenida, ya que es un acto humanitaria, pero hay algo m\u00e1s humano y menos costoso que es ayudar a estas personas a permanecer en su pa\u00eds y ayudarlos a volver, a trav\u00e9s de ayudar en lograr la estabilidad en Siria y dejar de proporcionar ninguna tipo de apoyo a los terroristas.<\/p>\n<p style=\"text-align: justify\">Periodista:<\/p>\n<p style=\"text-align: justify\">El Comit\u00e9 Internacional de Justicia y Responsabilidad dice que hay miles de documentos que demuestran que su gobierno aprob\u00f3 el uso de la tortura y el asesinato en una escala masiva. \u00bfQu\u00e9 opina usted al respecto?<\/p>\n<p style=\"text-align: justify\"><span style=\"color: #0000ff\">El presidente Assad:<\/span><\/p>\n<p style=\"text-align: justify\">Usted est\u00e1 hablando de dos cosas diferentes. En primer lugar se trata de la presentaci\u00f3n de informes que fueron financiados por Qatar s\u00f3lo para empa\u00f1ar la reputaci\u00f3n del gobierno sirio y no tienen ninguna evidencia que acredite las im\u00e1genes y las identidades de las v\u00edctimas que aparecieron en esas im\u00e1genes. En segundo lugar, hablar sobre el ataque o los hospitales civiles plantea una simple pregunta: \u00bfPor qu\u00e9 atacamos a los hospitales y los civiles pregunta?, ning\u00fan gobierno tiene el inter\u00e9s en cometer actos de este tipo, estas alegaciones se basan en testimonios falsos, y el gobierno sigue enviando las vacunas a las zonas que se encuentran bajo el control de los terroristas. As\u00ed que, \u00bfC\u00f3mo enviamos las vacunas y al mismo tiempo atacamos a los hospitales? Esta es una contradicci\u00f3n.<\/p>\n<p style=\"text-align: justify\">Periodista:<\/p>\n<p style=\"text-align: justify\">\u00bfCu\u00e1l es su visi\u00f3n para Siria? \u00bfC\u00f3mo ve usted las cosas despu\u00e9s de dos o tres a\u00f1os?<\/p>\n<p style=\"text-align: justify\"><span style=\"color: #0000ff\">El presidente Assad:<\/span><\/p>\n<p style=\"text-align: justify\">Despu\u00e9s de la crisis?. Debido a que la primera cosa que queremos es ver una Siria estable como lo era antes, porque era uno de los pa\u00edses m\u00e1s estables y seguros en todo el mundo, y no s\u00f3lo en nuestra regi\u00f3n, y la siguiente pregunta, \u00bfC\u00f3mo trataremos con la nueva generaci\u00f3n, que vivi\u00f3 el asesinato, el extremismo y el radicalismo difundido por los grupos vinculados a Al Qaeda, etc., este es otro desaf\u00edo. El tercer reto consiste en la restauraci\u00f3n de los recursos humanos que se convirtieron en refugiados, con el fin de volver a construir Siria. La reconstrucci\u00f3n del pa\u00eds, tales como la construcci\u00f3n y la infraestructura son f\u00e1ciles, y como sirios somos capaces de hacerlo. El gran desaf\u00edo se relaciona con la nueva generaci\u00f3n.<\/p>\n<p style=\"text-align: justify\">Periodista:<\/p>\n<p style=\"text-align: justify\">Se\u00f1or Presidente, muchas gracias por conceder esta entrevista al canal australiano SBS.<\/p>\n<p style=\"text-align: justify\"><span style=\"color: #0000ff\">El presidente Assad:<\/span><\/p>\n<p style=\"text-align: justify\">Muchas gracias.<\/p>\n<p style=\"text-align: justify\">\n<p style=\"text-align: justify\">\n<p style=\"text-align: justify\">\n<p style=\"text-align: justify\">M.Miri<\/p>\n","protected":false},"excerpt":{"rendered":"<p>Damasco, SANA&#8211;\u00a0El presidente Bashar al Assad afirm\u00f3 que la contradicci\u00f3n en las declaraciones de los funcionarios australianas y la postura oficial de Australia hacia Siria reflejan el doble rasero de Occidente en general. Periodista: En primer lugar gracias por concedernos esta entrevista. Han pasado m\u00e1s de cinco a\u00f1os desde que empez\u00f3 la crisis de Siria, &hellip;<\/p>\n","protected":false},"author":1,"featured_media":46187,"comment_status":"closed","ping_status":"closed","sticky":false,"template":"","format":"standard","meta":{"footnotes":""},"categories":[583],"tags":[],"class_list":["post-46186","post","type-post","status-publish","format-standard","has-post-thumbnail","","category-slide"],"_links":{"self":[{"href":"https:\/\/archive.sana.sy\/es\/index.php?rest_route=\/wp\/v2\/posts\/46186"}],"collection":[{"href":"https:\/\/archive.sana.sy\/es\/index.php?rest_route=\/wp\/v2\/posts"}],"about":[{"href":"https:\/\/archive.sana.sy\/es\/index.php?rest_route=\/wp\/v2\/types\/post"}],"author":[{"embeddable":true,"href":"https:\/\/archive.sana.sy\/es\/index.php?rest_route=\/wp\/v2\/users\/1"}],"replies":[{"embeddable":true,"href":"https:\/\/archive.sana.sy\/es\/index.php?rest_route=%2Fwp%2Fv2%2Fcomments&post=46186"}],"version-history":[{"count":0,"href":"https:\/\/archive.sana.sy\/es\/index.php?rest_route=\/wp\/v2\/posts\/46186\/revisions"}],"wp:featuredmedia":[{"embeddable":true,"href":"https:\/\/archive.sana.sy\/es\/index.php?rest_route=\/wp\/v2\/media\/46187"}],"wp:attachment":[{"href":"https:\/\/archive.sana.sy\/es\/index.php?rest_route=%2Fwp%2Fv2%2Fmedia&parent=46186"}],"wp:term":[{"taxonomy":"category","embeddable":true,"href":"https:\/\/archive.sana.sy\/es\/index.php?rest_route=%2Fwp%2Fv2%2Fcategories&post=46186"},{"taxonomy":"post_tag","embeddable":true,"href":"https:\/\/archive.sana.sy\/es\/index.php?rest_route=%2Fwp%2Fv2%2Ftags&post=46186"}],"curies":[{"name":"wp","href":"https:\/\/api.w.org\/{rel}","templated":true}]}}