{"id":46201,"date":"2016-07-01T20:18:35","date_gmt":"2016-07-01T17:18:35","guid":{"rendered":"http:\/\/www.sana.sy\/es\/?p=46201"},"modified":"2016-07-01T20:21:52","modified_gmt":"2016-07-01T17:21:52","slug":"aviacion-militar-siria-aniquila-a-decenas-de-mercenarios-del-ei-en-los-campos-de-homs-y-deir-ezzor","status":"publish","type":"post","link":"https:\/\/archive.sana.sy\/es\/?p=46201","title":{"rendered":"Aviaci\u00f3n militar siria aniquila a decenas de mercenarios del EI en los campos de Homs y Deir Ezzor y unidades del ej\u00e9rcito destruyen emplazamientos de artiller\u00edas en Deraa"},"content":{"rendered":"<p style=\"text-align: justify\"><span style=\"color: #800000\">Provincias, SANA<\/span>&#8211; La aviaci\u00f3n militar siria destruy\u00f3 esta ma\u00f1ana una sede de los terroristas del Estado Isl\u00e1mico junto con algunos veh\u00edculos suyos en la periferia de la zona de Hweisis y al sureste de Palmira en el campo este de Homs, seg\u00fan inform\u00f3 una fuente militar.<\/p>\n<p style=\"text-align: justify\"><span style=\"color: #0000ff\">Deir Ezzor<\/span><\/p>\n<p style=\"text-align: justify\">En paralelo, los aviones de combate sirios aniquilaron a decenas de terroristas del EI junto con sedes y veh\u00edculos suyos en al Mreiyiya, Hatla y al norte del aeropuerto de Deir Ezzor.<\/p>\n<p><span style=\"color: #0000ff\">Sweida<\/span><\/p>\n<p style=\"text-align: justify\">En la provincia de Sweida, unidades militares liberaron una serie de operaciones anti-terroristas en el campo norte\u00f1o de la urbe, seg\u00fan inform\u00f3 una fuente militar.<\/p>\n<p style=\"text-align: justify\">De acuerdo con la fuente, tres veh\u00edculos equipados con ametralladoras pesadas del EI han sido destruidos a manos del ej\u00e9rcito en noreste del pueblo al-Qaser, situado a 40 km a la ciudad de Sweida.<\/p>\n<p style=\"text-align: justify\">\n<p style=\"text-align: justify\"><span style=\"color: #0000ff\">Deraa<\/span><\/p>\n<p>Una fuente militar inform\u00f3 que una unidad del ej\u00e9rcito \u00e1rabe sirio destruy\u00f3 emplazamientos de artiller\u00eda y morteros, que los terroristas usaban para atacar barrios residenciales en la ciudad de Deraa.<\/p>\n<p>Y a\u00f1adi\u00f3 que las fuerzas del ej\u00e9rcito dirigieron duros ataques contra centros del Frente de al Nusra en la localidad de al Nayima, a 4 Km al este de la ciudad de Deraa.<\/p>\n<p>En el mismo contexto, una unidad del ej\u00e9rcito destruy\u00f3 ayer un centro de operaciones de los terroristas del frente de al Nusra, al sureste de la plaza de Bosra, y dos veh\u00edculos en la carretera de al Sad, adem\u00e1s de sus agrupaciones en diferentes barrios de la zona de Deraa al Balad.<\/p>\n<p>&nbsp;<\/p>\n<p>Lynn A., M Miri., Akram S.<\/p>\n","protected":false},"excerpt":{"rendered":"<p>Provincias, SANA&#8211; La aviaci\u00f3n militar siria destruy\u00f3 esta ma\u00f1ana una sede de los terroristas del Estado Isl\u00e1mico junto con algunos veh\u00edculos suyos en la periferia de la zona de Hweisis y al sureste de Palmira en el campo este de Homs, seg\u00fan inform\u00f3 una fuente militar. Deir Ezzor En paralelo, los aviones de combate sirios &hellip;<\/p>\n","protected":false},"author":1,"featured_media":46203,"comment_status":"closed","ping_status":"closed","sticky":false,"template":"","format":"standard","meta":{"footnotes":""},"categories":[573,583,7541],"tags":[],"class_list":["post-46201","post","type-post","status-publish","format-standard","has-post-thumbnail","","category-la-realidad-de-los-acontecimientos-en-siria","category-slide","category-ultimas-noticias"],"_links":{"self":[{"href":"https:\/\/archive.sana.sy\/es\/index.php?rest_route=\/wp\/v2\/posts\/46201"}],"collection":[{"href":"https:\/\/archive.sana.sy\/es\/index.php?rest_route=\/wp\/v2\/posts"}],"about":[{"href":"https:\/\/archive.sana.sy\/es\/index.php?rest_route=\/wp\/v2\/types\/post"}],"author":[{"embeddable":true,"href":"https:\/\/archive.sana.sy\/es\/index.php?rest_route=\/wp\/v2\/users\/1"}],"replies":[{"embeddable":true,"href":"https:\/\/archive.sana.sy\/es\/index.php?rest_route=%2Fwp%2Fv2%2Fcomments&post=46201"}],"version-history":[{"count":0,"href":"https:\/\/archive.sana.sy\/es\/index.php?rest_route=\/wp\/v2\/posts\/46201\/revisions"}],"wp:featuredmedia":[{"embeddable":true,"href":"https:\/\/archive.sana.sy\/es\/index.php?rest_route=\/wp\/v2\/media\/46203"}],"wp:attachment":[{"href":"https:\/\/archive.sana.sy\/es\/index.php?rest_route=%2Fwp%2Fv2%2Fmedia&parent=46201"}],"wp:term":[{"taxonomy":"category","embeddable":true,"href":"https:\/\/archive.sana.sy\/es\/index.php?rest_route=%2Fwp%2Fv2%2Fcategories&post=46201"},{"taxonomy":"post_tag","embeddable":true,"href":"https:\/\/archive.sana.sy\/es\/index.php?rest_route=%2Fwp%2Fv2%2Ftags&post=46201"}],"curies":[{"name":"wp","href":"https:\/\/api.w.org\/{rel}","templated":true}]}}