{"id":46214,"date":"2016-07-01T14:04:09","date_gmt":"2016-07-01T11:04:09","guid":{"rendered":"http:\/\/www.sana.sy\/es\/?p=46214"},"modified":"2016-07-01T14:09:13","modified_gmt":"2016-07-01T11:09:13","slug":"marchas-por-el-dia-de-jerusalen-en-teheran-y-en-diferentes-ciudades-iranis","status":"publish","type":"post","link":"https:\/\/archive.sana.sy\/es\/?p=46214","title":{"rendered":"Marchas por el D\u00eda de Jerusal\u00e9n en Teher\u00e1n y en diferentes ciudades iran\u00eds"},"content":{"rendered":"<p style=\"text-align: justify\"><span style=\"color: #800000\">Teher\u00e1n, SANA<\/span>&#8211; Los participantes en las marchas por el D\u00eda de Jerusal\u00e9n en Teher\u00e1n y en 850 ciudades iran\u00eds reconfirmaron el apoyar del pueblo iran\u00ed a Siria, Irak, y sus ej\u00e9rcitos y todas las fuerzas de resistencia en su guerra contra el terrorismo takfiri.<\/p>\n<p style=\"text-align: justify\">Los participantes iran\u00edes condenaron en su comunicado final emitido este viernes los cr\u00edmenes de las organizaciones terroristas en Siria e Irak y la persecuci\u00f3n del r\u00e9gimen saud\u00ed y algunos reg\u00edmenes de la regi\u00f3n para normalizar las relaciones con la entidad israel\u00ed, haciendo hincapi\u00e9 en su apoyo absoluto al enfoque de la resistencia palestina y a la Intifada contar entidad usurpadora israel\u00ed.<\/p>\n<p style=\"text-align: justify\">El comunicado se\u00f1al\u00f3 que las victorias alcanzadas por los ej\u00e9rcitos sirios e iraqu\u00edes sobre el terrorismo, son el resultado de la expansi\u00f3n de la l\u00ednea de resistencia, que aterr\u00f3 a la entidad sionista.<\/p>\n<p style=\"text-align: justify\"><a href=\"http:\/\/www.sana.sy\/es\/?attachment_id=46216\" rel=\"attachment wp-att-46216\"><img loading=\"lazy\" decoding=\"async\" class=\"alignnone size-medium wp-image-46216\" src=\"http:\/\/www.sana.sy\/es\/wp-content\/uploads\/2016\/07\/iran-300x150.jpg\" alt=\"iran\" width=\"300\" height=\"150\" srcset=\"https:\/\/archive.sana.sy\/es\/wp-content\/uploads\/2016\/07\/iran-300x150.jpg 300w, https:\/\/archive.sana.sy\/es\/wp-content\/uploads\/2016\/07\/iran-150x75.jpg 150w, https:\/\/archive.sana.sy\/es\/wp-content\/uploads\/2016\/07\/iran.jpg 660w\" sizes=\"(max-width: 300px) 100vw, 300px\" \/><\/a><\/p>\n<p style=\"text-align: justify\">Los participantes afirmaron que las guerras y las matanzas de los grupos extremistas vienen el marco de la conspiraci\u00f3n saudita que pretende desestabilizar la seguridad y la estabilidad de algunos pa\u00edses de la regi\u00f3n, condenado al mismo tiempo la agresi\u00f3n saudita contra el pueblo yemen\u00ed y los cr\u00edmenes del r\u00e9gimen de Al-Khalifa contra el pueblo de Bahr\u00e9in.<\/p>\n<p style=\"text-align: justify\">El comunicado reiter\u00f3 la condena iran\u00ed de los cr\u00edmenes cometidos por la entidad de ocupaci\u00f3n israel\u00ed contra el pueblo palestino, haciendo hincapi\u00e9 en el continuo apoyo de Ir\u00e1n y su pueblo a la l\u00ednea de resistencia palestina de resistencia contra la ocupaci\u00f3n.<\/p>\n<p>M.Miri<\/p>\n","protected":false},"excerpt":{"rendered":"<p>Teher\u00e1n, SANA&#8211; Los participantes en las marchas por el D\u00eda de Jerusal\u00e9n en Teher\u00e1n y en 850 ciudades iran\u00eds reconfirmaron el apoyar del pueblo iran\u00ed a Siria, Irak, y sus ej\u00e9rcitos y todas las fuerzas de resistencia en su guerra contra el terrorismo takfiri. Los participantes iran\u00edes condenaron en su comunicado final emitido este viernes &hellip;<\/p>\n","protected":false},"author":1,"featured_media":46215,"comment_status":"closed","ping_status":"closed","sticky":false,"template":"","format":"standard","meta":{"footnotes":""},"categories":[456,457,7541],"tags":[2866],"class_list":["post-46214","post","type-post","status-publish","format-standard","has-post-thumbnail","","category-arabe-internacional-politica","category-noticias-arabe-internacional-politica","category-ultimas-noticias","tag-iran"],"_links":{"self":[{"href":"https:\/\/archive.sana.sy\/es\/index.php?rest_route=\/wp\/v2\/posts\/46214"}],"collection":[{"href":"https:\/\/archive.sana.sy\/es\/index.php?rest_route=\/wp\/v2\/posts"}],"about":[{"href":"https:\/\/archive.sana.sy\/es\/index.php?rest_route=\/wp\/v2\/types\/post"}],"author":[{"embeddable":true,"href":"https:\/\/archive.sana.sy\/es\/index.php?rest_route=\/wp\/v2\/users\/1"}],"replies":[{"embeddable":true,"href":"https:\/\/archive.sana.sy\/es\/index.php?rest_route=%2Fwp%2Fv2%2Fcomments&post=46214"}],"version-history":[{"count":0,"href":"https:\/\/archive.sana.sy\/es\/index.php?rest_route=\/wp\/v2\/posts\/46214\/revisions"}],"wp:featuredmedia":[{"embeddable":true,"href":"https:\/\/archive.sana.sy\/es\/index.php?rest_route=\/wp\/v2\/media\/46215"}],"wp:attachment":[{"href":"https:\/\/archive.sana.sy\/es\/index.php?rest_route=%2Fwp%2Fv2%2Fmedia&parent=46214"}],"wp:term":[{"taxonomy":"category","embeddable":true,"href":"https:\/\/archive.sana.sy\/es\/index.php?rest_route=%2Fwp%2Fv2%2Fcategories&post=46214"},{"taxonomy":"post_tag","embeddable":true,"href":"https:\/\/archive.sana.sy\/es\/index.php?rest_route=%2Fwp%2Fv2%2Ftags&post=46214"}],"curies":[{"name":"wp","href":"https:\/\/api.w.org\/{rel}","templated":true}]}}