{"id":46234,"date":"2016-07-01T21:11:24","date_gmt":"2016-07-01T18:11:24","guid":{"rendered":"http:\/\/www.sana.sy\/es\/?p=46234"},"modified":"2016-07-01T21:17:44","modified_gmt":"2016-07-01T18:17:44","slug":"el-comando-general-del-ejercito-y-las-fuerzas-armadas-el-crimen-atroz-de-matar-al-piloto-nauras-hasan-desvela-las-falsas-reclamaciones-del-autodenominado-ejercito-del-islam-de-ser-una-oposicion-m","status":"publish","type":"post","link":"https:\/\/archive.sana.sy\/es\/?p=46234","title":{"rendered":"El Comando General del Ej\u00e9rcito y las Fuerzas Armadas: el crimen atroz de matar al piloto Nauras Hasan desvela las falsas reclamaciones del autodenominado &#8220;ej\u00e9rcito del Islam&#8221; de ser una oposici\u00f3n moderada"},"content":{"rendered":"<p><span style=\"color: #800000\">Damasco &#8211; SANA<\/span><\/p>\n<p style=\"text-align: justify\">El Comando General del ej\u00e9rcito y las fuerzas armadas anunci\u00f3 que las bandas terroristas armadas cometieron un crimen atroz, con matar al piloto, el teniente coronel Nauras Hasan, quien cay\u00f3 con su paraca\u00eddas en una zona bajo control de los terroristas del autodenominado \u201cEj\u00e9rcito del Islam\u201d, despu\u00e9s de que su caza sufri\u00f3 una aver\u00eda t\u00e9cnica, mientras realizaba una misi\u00f3n de entrenamiento.<\/p>\n<p style=\"text-align: justify\">En un comunicado difundido por el comando del ej\u00e9rcito, afirm\u00f3 que este acto cobarde se contradice con todas las leyes internacionales y humanitarias, respecto al trato con los cautivos, asegurando que ya no escatim\u00f3 esfuerzo ninguno a trav\u00e9s de los comit\u00e9s de reconciliaci\u00f3n, con el fin de salvar al piloto m\u00e1rtir, pero todo fue en vano.<\/p>\n<p style=\"text-align: justify\">Este acto se considera una prueba contundente sobre la naturaleza criminal de estas bandas terroristas, y desvela las falsas reclamaciones de sus patrocinadores de que es una oposici\u00f3n moderada.<\/p>\n<p style=\"text-align: justify\">El Comando General del Ej\u00e9rcito concluy\u00f3 su comunicado con la afirmaci\u00f3n de que este crimen perpetrado por los terroristas del \u201cEj\u00e9rcito del Islam\u201d no pasar\u00e1 sin una repuesta dura, y que el ej\u00e9rcito \u00e1rabe sirio contin\u00faa con su misi\u00f3n en atacar al terrorismo y perseguirlo hasta erradicarlo y restaurar la seguridad y la estabilidad en todo el territorio nacional.<\/p>\n<p style=\"text-align: justify\">Esta ma\u00f1ana, una fuente militar inform\u00f3 sobre la ca\u00edda de un caza por una aver\u00eda t\u00e9cnica, mientras realizaba una misi\u00f3n de entrenamiento en el campo oriental de Damasco, y que el piloto pudo saltar con su paraca\u00eddas.<\/p>\n<p>&nbsp;<\/p>\n<p>Akram. S<\/p>\n","protected":false},"excerpt":{"rendered":"<p>Damasco &#8211; SANA El Comando General del ej\u00e9rcito y las fuerzas armadas anunci\u00f3 que las bandas terroristas armadas cometieron un crimen atroz, con matar al piloto, el teniente coronel Nauras Hasan, quien cay\u00f3 con su paraca\u00eddas en una zona bajo control de los terroristas del autodenominado \u201cEj\u00e9rcito del Islam\u201d, despu\u00e9s de que su caza sufri\u00f3 &hellip;<\/p>\n","protected":false},"author":1,"featured_media":46235,"comment_status":"closed","ping_status":"closed","sticky":false,"template":"","format":"standard","meta":{"footnotes":""},"categories":[597,573,583,7541],"tags":[],"class_list":["post-46234","post","type-post","status-publish","format-standard","has-post-thumbnail","","category-cinta-de-noticias","category-la-realidad-de-los-acontecimientos-en-siria","category-slide","category-ultimas-noticias"],"_links":{"self":[{"href":"https:\/\/archive.sana.sy\/es\/index.php?rest_route=\/wp\/v2\/posts\/46234"}],"collection":[{"href":"https:\/\/archive.sana.sy\/es\/index.php?rest_route=\/wp\/v2\/posts"}],"about":[{"href":"https:\/\/archive.sana.sy\/es\/index.php?rest_route=\/wp\/v2\/types\/post"}],"author":[{"embeddable":true,"href":"https:\/\/archive.sana.sy\/es\/index.php?rest_route=\/wp\/v2\/users\/1"}],"replies":[{"embeddable":true,"href":"https:\/\/archive.sana.sy\/es\/index.php?rest_route=%2Fwp%2Fv2%2Fcomments&post=46234"}],"version-history":[{"count":0,"href":"https:\/\/archive.sana.sy\/es\/index.php?rest_route=\/wp\/v2\/posts\/46234\/revisions"}],"wp:featuredmedia":[{"embeddable":true,"href":"https:\/\/archive.sana.sy\/es\/index.php?rest_route=\/wp\/v2\/media\/46235"}],"wp:attachment":[{"href":"https:\/\/archive.sana.sy\/es\/index.php?rest_route=%2Fwp%2Fv2%2Fmedia&parent=46234"}],"wp:term":[{"taxonomy":"category","embeddable":true,"href":"https:\/\/archive.sana.sy\/es\/index.php?rest_route=%2Fwp%2Fv2%2Fcategories&post=46234"},{"taxonomy":"post_tag","embeddable":true,"href":"https:\/\/archive.sana.sy\/es\/index.php?rest_route=%2Fwp%2Fv2%2Ftags&post=46234"}],"curies":[{"name":"wp","href":"https:\/\/api.w.org\/{rel}","templated":true}]}}