{"id":46244,"date":"2016-07-01T23:14:47","date_gmt":"2016-07-01T20:14:47","guid":{"rendered":"http:\/\/www.sana.sy\/es\/?p=46244"},"modified":"2016-07-01T23:14:47","modified_gmt":"2016-07-01T20:14:47","slug":"lavrov-rusia-y-turquia-pueden-examinar-el-tema-de-la-infiltracion-de-terroristas-desde-turquia-a-siria","status":"publish","type":"post","link":"https:\/\/archive.sana.sy\/es\/?p=46244","title":{"rendered":"Lavrov: Rusia y Turqu\u00eda pueden examinar el tema de la infiltraci\u00f3n de terroristas desde Turqu\u00eda a Siria"},"content":{"rendered":"<p><span style=\"color: #800000\">Mosc\u00fa- SANA<\/span><\/p>\n<p style=\"text-align: justify\">El ministro de exteriores ruso, Serguei Lavrov, dijo que Rusia y Turqu\u00eda pueden examinar todos los asuntos, en el marco del di\u00e1logo bilateral, e incluso el tema de la infiltraci\u00f3n de los terroristas de Turqu\u00eda a Siria a trav\u00e9s de las fronteras y no aprovechar el territorio turco a favor del apoyo de las organizaciones terroristas en Siria<\/p>\n<p style=\"text-align: justify\">Lavrov se\u00f1al\u00f3, en una rueda de prensa tras una reuni\u00f3n de la organizaci\u00f3n del Mar Negro para la colaboraci\u00f3n econ\u00f3mica en la ciudad de Suchi, que no hay diferencias por lo General entre Rusia y Turquia respecto a qui\u00e9n es el terrorista en Siria.<\/p>\n<p style=\"text-align: justify\">Y aludi\u00f3 a que Rusia y Turqu\u00eda est\u00e1n interesados en separar a los grupos de la oposici\u00f3n de los terroristas en Siria.<\/p>\n<p>Lavrov dijo que aquellos que no quieren estar da\u00f1ados por los ataques a\u00e9reos deben retirarse de las posiciones ocupadas por los terroristas, y los socios turcos aceptan esta l\u00f3gica.<\/p>\n<p>Akram. S<\/p>\n","protected":false},"excerpt":{"rendered":"<p>Mosc\u00fa- SANA El ministro de exteriores ruso, Serguei Lavrov, dijo que Rusia y Turqu\u00eda pueden examinar todos los asuntos, en el marco del di\u00e1logo bilateral, e incluso el tema de la infiltraci\u00f3n de los terroristas de Turqu\u00eda a Siria a trav\u00e9s de las fronteras y no aprovechar el territorio turco a favor del apoyo de &hellip;<\/p>\n","protected":false},"author":1,"featured_media":46245,"comment_status":"closed","ping_status":"closed","sticky":false,"template":"","format":"standard","meta":{"footnotes":""},"categories":[597,456,7541],"tags":[],"class_list":["post-46244","post","type-post","status-publish","format-standard","has-post-thumbnail","","category-cinta-de-noticias","category-arabe-internacional-politica","category-ultimas-noticias"],"_links":{"self":[{"href":"https:\/\/archive.sana.sy\/es\/index.php?rest_route=\/wp\/v2\/posts\/46244"}],"collection":[{"href":"https:\/\/archive.sana.sy\/es\/index.php?rest_route=\/wp\/v2\/posts"}],"about":[{"href":"https:\/\/archive.sana.sy\/es\/index.php?rest_route=\/wp\/v2\/types\/post"}],"author":[{"embeddable":true,"href":"https:\/\/archive.sana.sy\/es\/index.php?rest_route=\/wp\/v2\/users\/1"}],"replies":[{"embeddable":true,"href":"https:\/\/archive.sana.sy\/es\/index.php?rest_route=%2Fwp%2Fv2%2Fcomments&post=46244"}],"version-history":[{"count":0,"href":"https:\/\/archive.sana.sy\/es\/index.php?rest_route=\/wp\/v2\/posts\/46244\/revisions"}],"wp:featuredmedia":[{"embeddable":true,"href":"https:\/\/archive.sana.sy\/es\/index.php?rest_route=\/wp\/v2\/media\/46245"}],"wp:attachment":[{"href":"https:\/\/archive.sana.sy\/es\/index.php?rest_route=%2Fwp%2Fv2%2Fmedia&parent=46244"}],"wp:term":[{"taxonomy":"category","embeddable":true,"href":"https:\/\/archive.sana.sy\/es\/index.php?rest_route=%2Fwp%2Fv2%2Fcategories&post=46244"},{"taxonomy":"post_tag","embeddable":true,"href":"https:\/\/archive.sana.sy\/es\/index.php?rest_route=%2Fwp%2Fv2%2Ftags&post=46244"}],"curies":[{"name":"wp","href":"https:\/\/api.w.org\/{rel}","templated":true}]}}