{"id":46251,"date":"2016-07-02T10:22:04","date_gmt":"2016-07-02T07:22:04","guid":{"rendered":"http:\/\/www.sana.sy\/es\/?p=46251"},"modified":"2016-07-02T10:22:04","modified_gmt":"2016-07-02T07:22:04","slug":"finalizada-la-operacion-de-retencion-de-rehenes-en-un-restaurante-de-la-capital-de-bangladesh-y-la-muerte-de-seis-terroristas","status":"publish","type":"post","link":"https:\/\/archive.sana.sy\/es\/?p=46251","title":{"rendered":"Finalizada la operaci\u00f3n de retenci\u00f3n de rehenes en un restaurante de la capital de Bangladesh, y la muerte de seis terroristas"},"content":{"rendered":"<p><span style=\"color: #800000;\">Daca- SANA<\/span><\/p>\n<p style=\"text-align: justify;\">Los servicios de seguridad de Bangladesh dieron por finalizada la operaci\u00f3n de liberar a los rehenes retenidos en un restaurante de la capital Daca, y aseguraron la zona tras la eliminaci\u00f3n de seis terroristas.<\/p>\n<p style=\"text-align: justify;\">Por su parte, el portavoz del ej\u00e9rcito, el coronel Rashid al Hasan, inform\u00f3 que la situaci\u00f3n est\u00e1 bajo control, y que 13 personas fueron rescatadas, dos de ellas son extranjeras.<\/p>\n<p style=\"text-align: justify;\">Anoche, las autoridades de Bangladesh anunciaron el inicio de la operaci\u00f3n para liberar a los rehenes retenidos por un asalto a un restaurante en un barrio diplom\u00e1tico en la capital Daca.<\/p>\n<p style=\"text-align: justify;\">La organizaci\u00f3n terrorista del EI reivindic\u00f3 el ataque contra el restaurante.<\/p>\n<p>Akram.S<\/p>\n","protected":false},"excerpt":{"rendered":"<p>Daca- SANA Los servicios de seguridad de Bangladesh dieron por finalizada la operaci\u00f3n de liberar a los rehenes retenidos en un restaurante de la capital Daca, y aseguraron la zona tras la eliminaci\u00f3n de seis terroristas. Por su parte, el portavoz del ej\u00e9rcito, el coronel Rashid al Hasan, inform\u00f3 que la situaci\u00f3n est\u00e1 bajo control, &hellip;<\/p>\n","protected":false},"author":1,"featured_media":46252,"comment_status":"closed","ping_status":"closed","sticky":false,"template":"","format":"standard","meta":{"footnotes":""},"categories":[597,456,7541],"tags":[],"class_list":["post-46251","post","type-post","status-publish","format-standard","has-post-thumbnail","","category-cinta-de-noticias","category-arabe-internacional-politica","category-ultimas-noticias"],"_links":{"self":[{"href":"https:\/\/archive.sana.sy\/es\/index.php?rest_route=\/wp\/v2\/posts\/46251"}],"collection":[{"href":"https:\/\/archive.sana.sy\/es\/index.php?rest_route=\/wp\/v2\/posts"}],"about":[{"href":"https:\/\/archive.sana.sy\/es\/index.php?rest_route=\/wp\/v2\/types\/post"}],"author":[{"embeddable":true,"href":"https:\/\/archive.sana.sy\/es\/index.php?rest_route=\/wp\/v2\/users\/1"}],"replies":[{"embeddable":true,"href":"https:\/\/archive.sana.sy\/es\/index.php?rest_route=%2Fwp%2Fv2%2Fcomments&post=46251"}],"version-history":[{"count":0,"href":"https:\/\/archive.sana.sy\/es\/index.php?rest_route=\/wp\/v2\/posts\/46251\/revisions"}],"wp:featuredmedia":[{"embeddable":true,"href":"https:\/\/archive.sana.sy\/es\/index.php?rest_route=\/wp\/v2\/media\/46252"}],"wp:attachment":[{"href":"https:\/\/archive.sana.sy\/es\/index.php?rest_route=%2Fwp%2Fv2%2Fmedia&parent=46251"}],"wp:term":[{"taxonomy":"category","embeddable":true,"href":"https:\/\/archive.sana.sy\/es\/index.php?rest_route=%2Fwp%2Fv2%2Fcategories&post=46251"},{"taxonomy":"post_tag","embeddable":true,"href":"https:\/\/archive.sana.sy\/es\/index.php?rest_route=%2Fwp%2Fv2%2Ftags&post=46251"}],"curies":[{"name":"wp","href":"https:\/\/api.w.org\/{rel}","templated":true}]}}