{"id":46258,"date":"2016-07-02T11:38:39","date_gmt":"2016-07-02T08:38:39","guid":{"rendered":"http:\/\/www.sana.sy\/es\/?p=46258"},"modified":"2016-07-02T11:41:52","modified_gmt":"2016-07-02T08:41:52","slug":"la-resistencia-nacional-libanesa-destruye-dos-sedes-de-la-organizacion-terrorista-del-ei-en-los-secanos-de-ras-baalbek","status":"publish","type":"post","link":"https:\/\/archive.sana.sy\/es\/?p=46258","title":{"rendered":"La Resistencia Nacional Libanesa destruye dos sedes de la organizaci\u00f3n terrorista del EI en los secanos de Ras Baalbek"},"content":{"rendered":"<p><span style=\"color: #800000;\">Beirut-SANA<\/span><\/p>\n<p style=\"text-align: justify;\">La Resistencia Nacional Libanesa destruy\u00f3 esta madrugada dos centros de la organizaci\u00f3n terrorista del EI en los secanos de Ras Baalbek, y caus\u00f3 muertes y heridas en filas de los terroristas.<\/p>\n<p style=\"text-align: justify;\">El canal televisivo liban\u00e9s, Al Manar, inform\u00f3 que la Resistencia Libanesa vigil\u00f3 movimientos de veh\u00edculos y terroristas del EI en los alrededores de estas sedes, y luego los atac\u00f3 con los misiles y las armas apropiadas, lo que caus\u00f3 su destrucci\u00f3n y la eliminaci\u00f3n de los terroristas.<\/p>\n<p>&nbsp;<\/p>\n<p>Akram. S<\/p>\n","protected":false},"excerpt":{"rendered":"<p>Beirut-SANA La Resistencia Nacional Libanesa destruy\u00f3 esta madrugada dos centros de la organizaci\u00f3n terrorista del EI en los secanos de Ras Baalbek, y caus\u00f3 muertes y heridas en filas de los terroristas. El canal televisivo liban\u00e9s, Al Manar, inform\u00f3 que la Resistencia Libanesa vigil\u00f3 movimientos de veh\u00edculos y terroristas del EI en los alrededores de &hellip;<\/p>\n","protected":false},"author":1,"featured_media":46259,"comment_status":"closed","ping_status":"closed","sticky":false,"template":"","format":"standard","meta":{"footnotes":""},"categories":[597,456,7541],"tags":[],"class_list":["post-46258","post","type-post","status-publish","format-standard","has-post-thumbnail","","category-cinta-de-noticias","category-arabe-internacional-politica","category-ultimas-noticias"],"_links":{"self":[{"href":"https:\/\/archive.sana.sy\/es\/index.php?rest_route=\/wp\/v2\/posts\/46258"}],"collection":[{"href":"https:\/\/archive.sana.sy\/es\/index.php?rest_route=\/wp\/v2\/posts"}],"about":[{"href":"https:\/\/archive.sana.sy\/es\/index.php?rest_route=\/wp\/v2\/types\/post"}],"author":[{"embeddable":true,"href":"https:\/\/archive.sana.sy\/es\/index.php?rest_route=\/wp\/v2\/users\/1"}],"replies":[{"embeddable":true,"href":"https:\/\/archive.sana.sy\/es\/index.php?rest_route=%2Fwp%2Fv2%2Fcomments&post=46258"}],"version-history":[{"count":0,"href":"https:\/\/archive.sana.sy\/es\/index.php?rest_route=\/wp\/v2\/posts\/46258\/revisions"}],"wp:featuredmedia":[{"embeddable":true,"href":"https:\/\/archive.sana.sy\/es\/index.php?rest_route=\/wp\/v2\/media\/46259"}],"wp:attachment":[{"href":"https:\/\/archive.sana.sy\/es\/index.php?rest_route=%2Fwp%2Fv2%2Fmedia&parent=46258"}],"wp:term":[{"taxonomy":"category","embeddable":true,"href":"https:\/\/archive.sana.sy\/es\/index.php?rest_route=%2Fwp%2Fv2%2Fcategories&post=46258"},{"taxonomy":"post_tag","embeddable":true,"href":"https:\/\/archive.sana.sy\/es\/index.php?rest_route=%2Fwp%2Fv2%2Ftags&post=46258"}],"curies":[{"name":"wp","href":"https:\/\/api.w.org\/{rel}","templated":true}]}}