{"id":46276,"date":"2016-07-02T08:42:35","date_gmt":"2016-07-02T05:42:35","guid":{"rendered":"http:\/\/www.sana.sy\/es\/?p=46276"},"modified":"2016-07-02T13:43:19","modified_gmt":"2016-07-02T10:43:19","slug":"pentagono-anuncia-muerte-de-dos-altos-mandos-del-ei","status":"publish","type":"post","link":"https:\/\/archive.sana.sy\/es\/?p=46276","title":{"rendered":"Pent\u00e1gono anuncia muerte de dos altos mandos del EI"},"content":{"rendered":"<p><span style=\"color: #800000\">Washington, SANA<\/span><\/p>\n<p>El Pent\u00e1gono anunci\u00f3 la muerte de dos altos mandos del grupo terrorista \u201cEstado Isl\u00e1mico\u201d.<\/p>\n<p>El portavoz del Pent\u00e1gono, Peter Cook, dijo en un comunicado que \u201cel viceministro de guerra del Estado Isl\u00e1mico y un comandante militar han muerto tras un ataque a\u00e9reo realizado en Mosul el 25 de junio por la coalici\u00f3n liderada por EE.UU.\u201d<\/p>\n<p>Seg\u00fan Cook, Basim Muhammad Ahmad al-Sultan Bajari, viceministro de guerra del grupo terrorista, supervis\u00f3 la toma de Mosul por parte de los yihadistas en 2014.<\/p>\n<p>&nbsp;<\/p>\n<p>Fady M., Lynn A.<\/p>\n","protected":false},"excerpt":{"rendered":"<p>Washington, SANA El Pent\u00e1gono anunci\u00f3 la muerte de dos altos mandos del grupo terrorista \u201cEstado Isl\u00e1mico\u201d. El portavoz del Pent\u00e1gono, Peter Cook, dijo en un comunicado que \u201cel viceministro de guerra del Estado Isl\u00e1mico y un comandante militar han muerto tras un ataque a\u00e9reo realizado en Mosul el 25 de junio por la coalici\u00f3n liderada &hellip;<\/p>\n","protected":false},"author":24,"featured_media":16155,"comment_status":"closed","ping_status":"closed","sticky":false,"template":"","format":"standard","meta":{"footnotes":""},"categories":[456,457],"tags":[],"class_list":["post-46276","post","type-post","status-publish","format-standard","has-post-thumbnail","","category-arabe-internacional-politica","category-noticias-arabe-internacional-politica"],"_links":{"self":[{"href":"https:\/\/archive.sana.sy\/es\/index.php?rest_route=\/wp\/v2\/posts\/46276"}],"collection":[{"href":"https:\/\/archive.sana.sy\/es\/index.php?rest_route=\/wp\/v2\/posts"}],"about":[{"href":"https:\/\/archive.sana.sy\/es\/index.php?rest_route=\/wp\/v2\/types\/post"}],"author":[{"embeddable":true,"href":"https:\/\/archive.sana.sy\/es\/index.php?rest_route=\/wp\/v2\/users\/24"}],"replies":[{"embeddable":true,"href":"https:\/\/archive.sana.sy\/es\/index.php?rest_route=%2Fwp%2Fv2%2Fcomments&post=46276"}],"version-history":[{"count":0,"href":"https:\/\/archive.sana.sy\/es\/index.php?rest_route=\/wp\/v2\/posts\/46276\/revisions"}],"wp:featuredmedia":[{"embeddable":true,"href":"https:\/\/archive.sana.sy\/es\/index.php?rest_route=\/wp\/v2\/media\/16155"}],"wp:attachment":[{"href":"https:\/\/archive.sana.sy\/es\/index.php?rest_route=%2Fwp%2Fv2%2Fmedia&parent=46276"}],"wp:term":[{"taxonomy":"category","embeddable":true,"href":"https:\/\/archive.sana.sy\/es\/index.php?rest_route=%2Fwp%2Fv2%2Fcategories&post=46276"},{"taxonomy":"post_tag","embeddable":true,"href":"https:\/\/archive.sana.sy\/es\/index.php?rest_route=%2Fwp%2Fv2%2Ftags&post=46276"}],"curies":[{"name":"wp","href":"https:\/\/api.w.org\/{rel}","templated":true}]}}