{"id":46325,"date":"2016-07-03T17:29:04","date_gmt":"2016-07-03T14:29:04","guid":{"rendered":"http:\/\/www.sana.sy\/es\/?p=46325"},"modified":"2016-07-03T17:32:21","modified_gmt":"2016-07-03T14:32:21","slug":"ejercito-recupera-nuevas-localidades-en-el-campo-este-de-homs","status":"publish","type":"post","link":"https:\/\/archive.sana.sy\/es\/?p=46325","title":{"rendered":"Ej\u00e9rcito sirio recupera nuevas localidades en el campo este de Homs"},"content":{"rendered":"<p><span style=\"color: #800000\">Provincias, SANA<\/span><\/p>\n<p>Una fuente militar anunci\u00f3\u00a0este domingo que las FFAA restablecieron la seguridad y estabilidad en los pueblos de Mseiyid, al-Msheirfeh al-Shamaliya y al-Salihiya, as\u00ed como reforzaron su control sobre las zonas de Rayem al-Tawil, Ared Krez y el punto 802 (al este de la localidad de Yeb al-Yarah) en el campo este de la provincia de Homs, despu\u00e9s de haber acabado con las \u00faltimas agrupaciones de los terroristas del EI en dichas zonas.<\/p>\n<p>En los\u00a0operativos, los uniformados sirios lograron dejar numerosos muertos o heridos entre las filas de la organizaci\u00f3n terrorista del EI y destruirla pertrechos b\u00e9licos y veh\u00edculos, confirm\u00f3\u00a0la fuente.<\/p>\n<p>En paralelo, la aviaci\u00f3n militar siria realiz\u00f3 nuevos vuelos contra agrupaciones y veh\u00edculos de los terroristas del EI en la localidad de Khneifis situada a 70 km al sur de la ciudad de Palmira, causando numerosos muertos y p\u00e9rdidas materiales a dicha organizaci\u00f3n terrorista.<\/p>\n<p>Asimismo, los aviones de combate sirios destruyeron en intensos operativos refugios y convoyes de veh\u00edculos artillados a los terroristas del EI en la localidad de al-Sekhneh al este de la ciudad de Palmira.<\/p>\n<p>La localidad de Sekhneh se considera como una de las ruta de suministro log\u00edstico principales a los terroristas del EI, siendo un lugar que vincula los campos de Homs, Deir Ezzor y Raqqa, feudos principales de los mercenarios de dicha organizaci\u00f3n criminal.<\/p>\n<p><span style=\"color: #0000ff\">Deraa<\/span><\/p>\n<p>En el campo este de Deraa, los uniformados sirios destruyeron dos veh\u00edculos de los terrorsitas del Frente de al-Nousra en la localidad de al-Naima cercana a\u00a0la frontera sirio-jordana.<\/p>\n<p>En la ciudad de Deraa, una unidad castrense siria lanz\u00f3 un operativo contra una banda terrorista del Frente de al-Nousra que realizaba obras de fortificaci\u00f3n en el barrio de Deraa al-Mahatta, logrando dejar muertos o heridos a la mayor\u00eda de sus integrantes.<\/p>\n<p>Asimismo, una unidad del ej\u00e9rcito aniquil\u00f3 a terroristas junto con un veh\u00edculo suyo en la carretera de Busra al-Shaam\/ al Smad en el campo este de Deraa.<\/p>\n<p>A todo ello, las organizaciones terroristas reconocieron por la red social la muerte del terrorista &#8220;Abou Menhal al-Yalihi&#8221;, cabecilla de la llamada \u201cBrigada de los Yihadistas de Horan\u201d junto con otros seis cabecillas en una explosi\u00f3n que ocurri\u00f3 en un centro suyo en la ciudad de Inkhel.<\/p>\n<p><span style=\"color: #0000ff\">Swaida<\/span><\/p>\n<p>De igual manera, los terroristas del EI sufrieron grandes bajas y p\u00e9rdidas materiales a manos del ej\u00e9rcito sirio en el pueblo de al-Qaser al noreste de la ciudad de Swaida.<\/p>\n<p>El referido pueblo se considera como una de las m\u00e1s grandes concentraciones de los terroristas del EI en el desierto este de Swaida.<\/p>\n<p><span style=\"color: #0000ff\">Deir Ezzor<\/span><\/p>\n<p>En el noreste del pa\u00eds, los cazas sirios lanzaron esta ma\u00f1ana vuelos intensos contra agrupaciones y refugios de terroristas del EI en los extremos sureste de la ciudad de Deir Ezzor.<\/p>\n<p>Seg\u00fan una fuente militar, los operativos a\u00e9reos causaron la destrucci\u00f3n de una sede de dicha\u00a0organizaci\u00f3n terrorista y grandes bajas entre sus integrantes\u00a0al oeste del aeropuerto militar de Deir Ezzor.<\/p>\n<p><span style=\"color: #0000ff\">Raqqa<\/span><\/p>\n<p>A todo ello, la aviaci\u00f3n militar siria lanz\u00f3 una serie de operativos contra feudos de terroristas del EI en el campo oeste de Raqqa, donde destruy\u00f3 un centro y veh\u00edculos suyos, cerca de la ciudad de al-Tabqa ubicada a 55 km de la ciudad de Raqqa.<br \/>\nLynn A., Hala B.<\/p>\n","protected":false},"excerpt":{"rendered":"<p>Provincias, SANA Una fuente militar anunci\u00f3\u00a0este domingo que las FFAA restablecieron la seguridad y estabilidad en los pueblos de Mseiyid, al-Msheirfeh al-Shamaliya y al-Salihiya, as\u00ed como reforzaron su control sobre las zonas de Rayem al-Tawil, Ared Krez y el punto 802 (al este de la localidad de Yeb al-Yarah) en el campo este de la &hellip;<\/p>\n","protected":false},"author":24,"featured_media":45854,"comment_status":"closed","ping_status":"closed","sticky":false,"template":"","format":"standard","meta":{"footnotes":""},"categories":[597,573,583],"tags":[],"class_list":["post-46325","post","type-post","status-publish","format-standard","has-post-thumbnail","","category-cinta-de-noticias","category-la-realidad-de-los-acontecimientos-en-siria","category-slide"],"_links":{"self":[{"href":"https:\/\/archive.sana.sy\/es\/index.php?rest_route=\/wp\/v2\/posts\/46325"}],"collection":[{"href":"https:\/\/archive.sana.sy\/es\/index.php?rest_route=\/wp\/v2\/posts"}],"about":[{"href":"https:\/\/archive.sana.sy\/es\/index.php?rest_route=\/wp\/v2\/types\/post"}],"author":[{"embeddable":true,"href":"https:\/\/archive.sana.sy\/es\/index.php?rest_route=\/wp\/v2\/users\/24"}],"replies":[{"embeddable":true,"href":"https:\/\/archive.sana.sy\/es\/index.php?rest_route=%2Fwp%2Fv2%2Fcomments&post=46325"}],"version-history":[{"count":0,"href":"https:\/\/archive.sana.sy\/es\/index.php?rest_route=\/wp\/v2\/posts\/46325\/revisions"}],"wp:featuredmedia":[{"embeddable":true,"href":"https:\/\/archive.sana.sy\/es\/index.php?rest_route=\/wp\/v2\/media\/45854"}],"wp:attachment":[{"href":"https:\/\/archive.sana.sy\/es\/index.php?rest_route=%2Fwp%2Fv2%2Fmedia&parent=46325"}],"wp:term":[{"taxonomy":"category","embeddable":true,"href":"https:\/\/archive.sana.sy\/es\/index.php?rest_route=%2Fwp%2Fv2%2Fcategories&post=46325"},{"taxonomy":"post_tag","embeddable":true,"href":"https:\/\/archive.sana.sy\/es\/index.php?rest_route=%2Fwp%2Fv2%2Ftags&post=46325"}],"curies":[{"name":"wp","href":"https:\/\/api.w.org\/{rel}","templated":true}]}}