{"id":46369,"date":"2016-07-03T17:18:15","date_gmt":"2016-07-03T14:18:15","guid":{"rendered":"http:\/\/www.sana.sy\/es\/?p=46369"},"modified":"2016-07-03T17:18:15","modified_gmt":"2016-07-03T14:18:15","slug":"vacunados-300-ninos-en-el-campamento-de-al-hawl-en-hassakeh","status":"publish","type":"post","link":"https:\/\/archive.sana.sy\/es\/?p=46369","title":{"rendered":"Vacunados 300 ni\u00f1os en el campamento de Al Hawl en Hassakeh"},"content":{"rendered":"<p><span style=\"color: #800000\">Hassakeh, SANA<\/span><\/p>\n<p>La Direcci\u00f3n de Salud de la gobernaci\u00f3n de Hassakeh realiz\u00f3\u00a0en la pasada semana varios recorridos en el campamento de Al Hawl que acoge a refugiados iraqu\u00edes, durante los cuales se logr\u00f3 vacunar a 300 ni\u00f1os.<\/p>\n<p>El jefe del Departamento de Atenci\u00f3n Primaria de Salud, Lukman Othman declar\u00f3 que su organismo planifica realizar otros recorridos durante el mes en curso a fin de acceder al mayor n\u00famero posible de pacientes en el campamento de Al Hawl y prestarles la atenci\u00f3n sanitaria necesaria.<\/p>\n<p>Othman se\u00f1al\u00f3 que equipos m\u00e9dicos se mandan con regularidad al referido campamento en colaboraci\u00f3n con la Organizaci\u00f3n Mundial de Salud (OMS) para prestar atenci\u00f3n sanitaria a los enfermos en el mismo a trav\u00e9s de cl\u00ednicas ambulantes que constan de m\u00e9dicos especialistas, enfermeros y t\u00e9cnicos.<\/p>\n<p>Es de se\u00f1alar que el campamento de Al Hawl se sit\u00faa a alrededor de 50 km al sureste de la ciudad de Hassakeh y alberga a al menos 7 mil refugiados iraqu\u00edes que se escaparon de las barbaridades de la organizaci\u00f3n terrorista del Estado Isl\u00e1mico.<\/p>\n<p>&nbsp;<br \/>\nLynn A.<\/p>\n","protected":false},"excerpt":{"rendered":"<p>Hassakeh, SANA La Direcci\u00f3n de Salud de la gobernaci\u00f3n de Hassakeh realiz\u00f3\u00a0en la pasada semana varios recorridos en el campamento de Al Hawl que acoge a refugiados iraqu\u00edes, durante los cuales se logr\u00f3 vacunar a 300 ni\u00f1os. El jefe del Departamento de Atenci\u00f3n Primaria de Salud, Lukman Othman declar\u00f3 que su organismo planifica realizar otros &hellip;<\/p>\n","protected":false},"author":24,"featured_media":39987,"comment_status":"closed","ping_status":"closed","sticky":false,"template":"","format":"standard","meta":{"footnotes":""},"categories":[477,476],"tags":[],"class_list":["post-46369","post","type-post","status-publish","format-standard","has-post-thumbnail","","category-noticias-edulcorantes","category-locales"],"_links":{"self":[{"href":"https:\/\/archive.sana.sy\/es\/index.php?rest_route=\/wp\/v2\/posts\/46369"}],"collection":[{"href":"https:\/\/archive.sana.sy\/es\/index.php?rest_route=\/wp\/v2\/posts"}],"about":[{"href":"https:\/\/archive.sana.sy\/es\/index.php?rest_route=\/wp\/v2\/types\/post"}],"author":[{"embeddable":true,"href":"https:\/\/archive.sana.sy\/es\/index.php?rest_route=\/wp\/v2\/users\/24"}],"replies":[{"embeddable":true,"href":"https:\/\/archive.sana.sy\/es\/index.php?rest_route=%2Fwp%2Fv2%2Fcomments&post=46369"}],"version-history":[{"count":0,"href":"https:\/\/archive.sana.sy\/es\/index.php?rest_route=\/wp\/v2\/posts\/46369\/revisions"}],"wp:featuredmedia":[{"embeddable":true,"href":"https:\/\/archive.sana.sy\/es\/index.php?rest_route=\/wp\/v2\/media\/39987"}],"wp:attachment":[{"href":"https:\/\/archive.sana.sy\/es\/index.php?rest_route=%2Fwp%2Fv2%2Fmedia&parent=46369"}],"wp:term":[{"taxonomy":"category","embeddable":true,"href":"https:\/\/archive.sana.sy\/es\/index.php?rest_route=%2Fwp%2Fv2%2Fcategories&post=46369"},{"taxonomy":"post_tag","embeddable":true,"href":"https:\/\/archive.sana.sy\/es\/index.php?rest_route=%2Fwp%2Fv2%2Ftags&post=46369"}],"curies":[{"name":"wp","href":"https:\/\/api.w.org\/{rel}","templated":true}]}}