{"id":46373,"date":"2016-07-03T17:00:09","date_gmt":"2016-07-03T14:00:09","guid":{"rendered":"http:\/\/www.sana.sy\/es\/?p=46373"},"modified":"2016-07-03T17:35:05","modified_gmt":"2016-07-03T14:35:05","slug":"patriarca-laham-reitera-llamados-para-erradicar-el-terrorismo-en-siria","status":"publish","type":"post","link":"https:\/\/archive.sana.sy\/es\/?p=46373","title":{"rendered":"Patriarca Laham reitera llamados para erradicar el terrorismo en Siria"},"content":{"rendered":"<p><span style=\"color: #800000\">Viena, SANA<\/span><\/p>\n<p>El Patriarca, Gregorious III Laham, patriarca de Antioqu\u00eda y todo el Oriente Medio para la comunidad cristiana greco-ortodoxa reiter\u00f3 sus llamados para erradicar al terrorismo y restablecer la seguridad en Siria.<\/p>\n<p>En una intervenci\u00f3n realizada en el congreso de Crans-Montana en Austria que arroja luz sobre el expediente de la migraci\u00f3n, el patriarca Laham destac\u00f3 que la lucha contra el terrorismo y el restablecimiento de la seguridad en Siria son condiciones imprescindible para la detenci\u00f3n de las olas migratorias y el regreso de los inmigrantes a su pa\u00eds para reconstruir todo lo destruido a manos de los terroristas.<\/p>\n<p>Asimismo aludi\u00f3 al papel de la iglesia a nivel local e internacional en la restauraci\u00f3n de la paz.<\/p>\n<p>&nbsp;<\/p>\n<p>&nbsp;<\/p>\n<p>Lynn A.<\/p>\n","protected":false},"excerpt":{"rendered":"<p>Viena, SANA El Patriarca, Gregorious III Laham, patriarca de Antioqu\u00eda y todo el Oriente Medio para la comunidad cristiana greco-ortodoxa reiter\u00f3 sus llamados para erradicar al terrorismo y restablecer la seguridad en Siria. En una intervenci\u00f3n realizada en el congreso de Crans-Montana en Austria que arroja luz sobre el expediente de la migraci\u00f3n, el patriarca &hellip;<\/p>\n","protected":false},"author":24,"featured_media":40540,"comment_status":"closed","ping_status":"closed","sticky":false,"template":"","format":"standard","meta":{"footnotes":""},"categories":[477,476,7541],"tags":[],"class_list":["post-46373","post","type-post","status-publish","format-standard","has-post-thumbnail","","category-noticias-edulcorantes","category-locales","category-ultimas-noticias"],"_links":{"self":[{"href":"https:\/\/archive.sana.sy\/es\/index.php?rest_route=\/wp\/v2\/posts\/46373"}],"collection":[{"href":"https:\/\/archive.sana.sy\/es\/index.php?rest_route=\/wp\/v2\/posts"}],"about":[{"href":"https:\/\/archive.sana.sy\/es\/index.php?rest_route=\/wp\/v2\/types\/post"}],"author":[{"embeddable":true,"href":"https:\/\/archive.sana.sy\/es\/index.php?rest_route=\/wp\/v2\/users\/24"}],"replies":[{"embeddable":true,"href":"https:\/\/archive.sana.sy\/es\/index.php?rest_route=%2Fwp%2Fv2%2Fcomments&post=46373"}],"version-history":[{"count":0,"href":"https:\/\/archive.sana.sy\/es\/index.php?rest_route=\/wp\/v2\/posts\/46373\/revisions"}],"wp:featuredmedia":[{"embeddable":true,"href":"https:\/\/archive.sana.sy\/es\/index.php?rest_route=\/wp\/v2\/media\/40540"}],"wp:attachment":[{"href":"https:\/\/archive.sana.sy\/es\/index.php?rest_route=%2Fwp%2Fv2%2Fmedia&parent=46373"}],"wp:term":[{"taxonomy":"category","embeddable":true,"href":"https:\/\/archive.sana.sy\/es\/index.php?rest_route=%2Fwp%2Fv2%2Fcategories&post=46373"},{"taxonomy":"post_tag","embeddable":true,"href":"https:\/\/archive.sana.sy\/es\/index.php?rest_route=%2Fwp%2Fv2%2Ftags&post=46373"}],"curies":[{"name":"wp","href":"https:\/\/api.w.org\/{rel}","templated":true}]}}