{"id":46437,"date":"2016-07-04T20:47:07","date_gmt":"2016-07-04T17:47:07","guid":{"rendered":"http:\/\/www.sana.sy\/es\/?p=46437"},"modified":"2016-07-04T20:47:07","modified_gmt":"2016-07-04T17:47:07","slug":"fuerzas-de-seguridad-jordanas-capturan-a-una-celula-terrorista-del-ei","status":"publish","type":"post","link":"https:\/\/archive.sana.sy\/es\/?p=46437","title":{"rendered":"Fuerzas de seguridad jordanas capturan a una c\u00e9lula terrorista del EI"},"content":{"rendered":"<p><span style=\"color: #800000;\">Amman- SANA<\/span><\/p>\n<p style=\"text-align: justify;\">\nLas fuerzas de seguridad jordanas arrestaron a una c\u00e9lula terrorista, perteneciente al EI, en la zona de Um Al Basat\u00edn, al sur de la capital jordana, Amman.<\/p>\n<p style=\"text-align: justify;\">Seg\u00fan inform\u00f3 una fuente de seguridad, fueron detenidas cinco personas, que formaban una c\u00e9lula terrorista, y que hab\u00edan alquilado una casa en la zona para llevar a cabo actos terroristas.<\/p>\n<p>Este incidente indica que la libertad de movimiento, en la parte jordana, de la que gozaban los terroristas en la frontera sirio- jordana, ya comenz\u00f3 a afectar al Reino, despu\u00e9s de que los terroristas se vieron quebrados en Siria y empezaron a buscar nuevos territorios para la Yihad, y para propagar sus ideolog\u00edas extremistas takfir\u00edes.<\/p>\n<p style=\"text-align: justify;\">\n<p>Akram. S<\/p>\n","protected":false},"excerpt":{"rendered":"<p>Amman- SANA Las fuerzas de seguridad jordanas arrestaron a una c\u00e9lula terrorista, perteneciente al EI, en la zona de Um Al Basat\u00edn, al sur de la capital jordana, Amman. Seg\u00fan inform\u00f3 una fuente de seguridad, fueron detenidas cinco personas, que formaban una c\u00e9lula terrorista, y que hab\u00edan alquilado una casa en la zona para llevar &hellip;<\/p>\n","protected":false},"author":1,"featured_media":46438,"comment_status":"closed","ping_status":"closed","sticky":false,"template":"","format":"standard","meta":{"footnotes":""},"categories":[597,456,7541],"tags":[],"class_list":["post-46437","post","type-post","status-publish","format-standard","has-post-thumbnail","","category-cinta-de-noticias","category-arabe-internacional-politica","category-ultimas-noticias"],"_links":{"self":[{"href":"https:\/\/archive.sana.sy\/es\/index.php?rest_route=\/wp\/v2\/posts\/46437"}],"collection":[{"href":"https:\/\/archive.sana.sy\/es\/index.php?rest_route=\/wp\/v2\/posts"}],"about":[{"href":"https:\/\/archive.sana.sy\/es\/index.php?rest_route=\/wp\/v2\/types\/post"}],"author":[{"embeddable":true,"href":"https:\/\/archive.sana.sy\/es\/index.php?rest_route=\/wp\/v2\/users\/1"}],"replies":[{"embeddable":true,"href":"https:\/\/archive.sana.sy\/es\/index.php?rest_route=%2Fwp%2Fv2%2Fcomments&post=46437"}],"version-history":[{"count":0,"href":"https:\/\/archive.sana.sy\/es\/index.php?rest_route=\/wp\/v2\/posts\/46437\/revisions"}],"wp:featuredmedia":[{"embeddable":true,"href":"https:\/\/archive.sana.sy\/es\/index.php?rest_route=\/wp\/v2\/media\/46438"}],"wp:attachment":[{"href":"https:\/\/archive.sana.sy\/es\/index.php?rest_route=%2Fwp%2Fv2%2Fmedia&parent=46437"}],"wp:term":[{"taxonomy":"category","embeddable":true,"href":"https:\/\/archive.sana.sy\/es\/index.php?rest_route=%2Fwp%2Fv2%2Fcategories&post=46437"},{"taxonomy":"post_tag","embeddable":true,"href":"https:\/\/archive.sana.sy\/es\/index.php?rest_route=%2Fwp%2Fv2%2Ftags&post=46437"}],"curies":[{"name":"wp","href":"https:\/\/api.w.org\/{rel}","templated":true}]}}