{"id":46440,"date":"2016-07-04T21:19:23","date_gmt":"2016-07-04T18:19:23","guid":{"rendered":"http:\/\/www.sana.sy\/es\/?p=46440"},"modified":"2016-07-04T22:04:38","modified_gmt":"2016-07-04T19:04:38","slug":"bogdanov-el-gobierno-sirio-siempre-esta-dispuesto-a-reanudar-el-dialogo-en-ginerba","status":"publish","type":"post","link":"https:\/\/archive.sana.sy\/es\/?p=46440","title":{"rendered":"Bogdanov: El Gobierno Sirio siempre est\u00e1 dispuesto a reanudar el di\u00e1logo en Ginerba"},"content":{"rendered":"<p><span style=\"color: #800000;\">Mosc\u00fa \u2013 SANA<\/span><\/p>\n<p style=\"text-align: justify;\">El enviado especial del presidente ruso para Oriente medio, viceministro de Exteriores, Mikhail Bogdanvo, afirm\u00f3 que el Gobierno Sirio siempre est\u00e1 dispuesto a reanudar las conversaciones pol\u00edticas en Ginebra, respecto a encontrar una soluci\u00f3n a la crisis, y no tiene ning\u00fan inconveniente en cuanto a la formaci\u00f3n de una delegaci\u00f3n gubernamental a Ginebra.<\/p>\n<p style=\"text-align: justify;\">\u201cMosc\u00fa insiste en la necesidad de reanudar el di\u00e1logo en Ginebra en cuanto antes posible, y cuanto m\u00e1s r\u00e1pidos sean los sirios en reanudar las conversaciones, ser\u00eda mejor\u201d, dijo el diplom\u00e1tico ruso.<\/p>\n<p style=\"text-align: justify;\">La \u00faltima ronda de conversaciones de Ginebra se estanc\u00f3 el 27 de abril pasado, sin conseguir resultados notables, y solo se limitaron a los encuentros de la delegaci\u00f3n gubernamental siria con el enviado especial a Siria, Staffan de Mistura, debido a la negatividad de la delegaci\u00f3n e Riad, y su dependencia de agendas extranjeras, donde perdi\u00f3 el tiempo en Hoteles en lugar de involucrar seriamente en las conversaciones.<\/p>\n<p>&nbsp;<\/p>\n<p>Akram. S<\/p>\n","protected":false},"excerpt":{"rendered":"<p>Mosc\u00fa \u2013 SANA El enviado especial del presidente ruso para Oriente medio, viceministro de Exteriores, Mikhail Bogdanvo, afirm\u00f3 que el Gobierno Sirio siempre est\u00e1 dispuesto a reanudar las conversaciones pol\u00edticas en Ginebra, respecto a encontrar una soluci\u00f3n a la crisis, y no tiene ning\u00fan inconveniente en cuanto a la formaci\u00f3n de una delegaci\u00f3n gubernamental a &hellip;<\/p>\n","protected":false},"author":1,"featured_media":46441,"comment_status":"closed","ping_status":"closed","sticky":false,"template":"","format":"standard","meta":{"footnotes":""},"categories":[597,456,583,7541],"tags":[],"class_list":["post-46440","post","type-post","status-publish","format-standard","has-post-thumbnail","","category-cinta-de-noticias","category-arabe-internacional-politica","category-slide","category-ultimas-noticias"],"_links":{"self":[{"href":"https:\/\/archive.sana.sy\/es\/index.php?rest_route=\/wp\/v2\/posts\/46440"}],"collection":[{"href":"https:\/\/archive.sana.sy\/es\/index.php?rest_route=\/wp\/v2\/posts"}],"about":[{"href":"https:\/\/archive.sana.sy\/es\/index.php?rest_route=\/wp\/v2\/types\/post"}],"author":[{"embeddable":true,"href":"https:\/\/archive.sana.sy\/es\/index.php?rest_route=\/wp\/v2\/users\/1"}],"replies":[{"embeddable":true,"href":"https:\/\/archive.sana.sy\/es\/index.php?rest_route=%2Fwp%2Fv2%2Fcomments&post=46440"}],"version-history":[{"count":0,"href":"https:\/\/archive.sana.sy\/es\/index.php?rest_route=\/wp\/v2\/posts\/46440\/revisions"}],"wp:featuredmedia":[{"embeddable":true,"href":"https:\/\/archive.sana.sy\/es\/index.php?rest_route=\/wp\/v2\/media\/46441"}],"wp:attachment":[{"href":"https:\/\/archive.sana.sy\/es\/index.php?rest_route=%2Fwp%2Fv2%2Fmedia&parent=46440"}],"wp:term":[{"taxonomy":"category","embeddable":true,"href":"https:\/\/archive.sana.sy\/es\/index.php?rest_route=%2Fwp%2Fv2%2Fcategories&post=46440"},{"taxonomy":"post_tag","embeddable":true,"href":"https:\/\/archive.sana.sy\/es\/index.php?rest_route=%2Fwp%2Fv2%2Ftags&post=46440"}],"curies":[{"name":"wp","href":"https:\/\/api.w.org\/{rel}","templated":true}]}}