{"id":46446,"date":"2016-07-04T23:04:25","date_gmt":"2016-07-04T20:04:25","guid":{"rendered":"http:\/\/www.sana.sy\/es\/?p=46446"},"modified":"2016-07-04T23:05:34","modified_gmt":"2016-07-04T20:05:34","slug":"un-banquete-de-iftar-para-heridos-del-ejercito-arabe-sirio-en-la-iglesia-de-la-senora-de-damasco","status":"publish","type":"post","link":"https:\/\/archive.sana.sy\/es\/?p=46446","title":{"rendered":"Un banquete de Iftar para heridos del Ej\u00e9rcito \u00c1rabe Sirio en la Iglesia de la Se\u00f1ora de Damasco"},"content":{"rendered":"<p><span style=\"color: #800000;\">Damasco- SANA<\/span><\/p>\n<p style=\"text-align: justify;\">La Iniciativa de \u201cEl Fenicio de La Siria del Futuro\u201d, en colaboraci\u00f3n con la Iglesia de la Se\u00f1ora de Damasco y la Administraci\u00f3n Pol\u00edtica del Ej\u00e9rcito \u00c1rabe Sirio, celebr\u00f3 un banquete de Iftar, ruptura del ayuno de Ramad\u00e1n, para varios heridos del Ej\u00e9rcito, y durante la cual, se les rindi\u00f3 un homenaje.<\/p>\n<p>El acto fue celebrado en la Iglesia de la Se\u00f1ora de Damasco en la zona de Al Abasiyn, con la participaci\u00f3n de varios Ulemas musulmanes, cristianos, y representantes sociales.<\/p>\n<p style=\"text-align: justify;\">\u201cEste acto de Iftar, celebrado en la iglesia, refleja la civilizaci\u00f3n y la convivencia que distingue a Siria a trav\u00e9s de la historia, y expresa el amor y la fraternidad del pueblo sirio\u201d, subray\u00f3 el director de la Iniciativa, el diputado Aref Al Tawil, quien a\u00f1adi\u00f3 que rendir homenaje a los heridos del Ej\u00e9rcito \u00c1rabe Sirio no recompensa a sus sacrificios por defender a la patria contra el terrorismo.<\/p>\n<p>Por su parte, el vicepatriarca de los Melquitas Cat\u00f3licos, el obispo Josef Al Absi, aclar\u00f3 que el encuentro conjunto sobre la mesa de Ramad\u00e1n refleja el amor de los sirios y su deseo de seguir adelante hacia un futuro mejor.<\/p>\n<p>Akram. S<\/p>\n","protected":false},"excerpt":{"rendered":"<p>Damasco- SANA La Iniciativa de \u201cEl Fenicio de La Siria del Futuro\u201d, en colaboraci\u00f3n con la Iglesia de la Se\u00f1ora de Damasco y la Administraci\u00f3n Pol\u00edtica del Ej\u00e9rcito \u00c1rabe Sirio, celebr\u00f3 un banquete de Iftar, ruptura del ayuno de Ramad\u00e1n, para varios heridos del Ej\u00e9rcito, y durante la cual, se les rindi\u00f3 un homenaje. El &hellip;<\/p>\n","protected":false},"author":1,"featured_media":46448,"comment_status":"closed","ping_status":"closed","sticky":false,"template":"","format":"standard","meta":{"footnotes":""},"categories":[597,476,583,7541],"tags":[],"class_list":["post-46446","post","type-post","status-publish","format-standard","has-post-thumbnail","","category-cinta-de-noticias","category-locales","category-slide","category-ultimas-noticias"],"_links":{"self":[{"href":"https:\/\/archive.sana.sy\/es\/index.php?rest_route=\/wp\/v2\/posts\/46446"}],"collection":[{"href":"https:\/\/archive.sana.sy\/es\/index.php?rest_route=\/wp\/v2\/posts"}],"about":[{"href":"https:\/\/archive.sana.sy\/es\/index.php?rest_route=\/wp\/v2\/types\/post"}],"author":[{"embeddable":true,"href":"https:\/\/archive.sana.sy\/es\/index.php?rest_route=\/wp\/v2\/users\/1"}],"replies":[{"embeddable":true,"href":"https:\/\/archive.sana.sy\/es\/index.php?rest_route=%2Fwp%2Fv2%2Fcomments&post=46446"}],"version-history":[{"count":0,"href":"https:\/\/archive.sana.sy\/es\/index.php?rest_route=\/wp\/v2\/posts\/46446\/revisions"}],"wp:featuredmedia":[{"embeddable":true,"href":"https:\/\/archive.sana.sy\/es\/index.php?rest_route=\/wp\/v2\/media\/46448"}],"wp:attachment":[{"href":"https:\/\/archive.sana.sy\/es\/index.php?rest_route=%2Fwp%2Fv2%2Fmedia&parent=46446"}],"wp:term":[{"taxonomy":"category","embeddable":true,"href":"https:\/\/archive.sana.sy\/es\/index.php?rest_route=%2Fwp%2Fv2%2Fcategories&post=46446"},{"taxonomy":"post_tag","embeddable":true,"href":"https:\/\/archive.sana.sy\/es\/index.php?rest_route=%2Fwp%2Fv2%2Ftags&post=46446"}],"curies":[{"name":"wp","href":"https:\/\/api.w.org\/{rel}","templated":true}]}}