{"id":46457,"date":"2016-07-05T13:01:10","date_gmt":"2016-07-05T10:01:10","guid":{"rendered":"http:\/\/www.sana.sy\/es\/?p=46457"},"modified":"2016-07-05T13:01:10","modified_gmt":"2016-07-05T10:01:10","slug":"otsc-llama-a-formar-un-frente-unido-para-luchar-contra-el-terrorismo-en-siria","status":"publish","type":"post","link":"https:\/\/archive.sana.sy\/es\/?p=46457","title":{"rendered":"OTSC llama a formar un frente unido para luchar contra el terrorismo en Siria"},"content":{"rendered":"<p style=\"text-align: justify\"><span style=\"color: #800000\">Erev\u00e1n, SANA<\/span><\/p>\n<p style=\"text-align: justify\">Los cancilleres de los pa\u00edses miembros de la Organizaci\u00f3n del Tratado de Seguridad Colectiva (OTSC) llamaron a forjar un frente unido para luchar contra el terrorismo y el extremismo en Siria.<\/p>\n<p style=\"text-align: justify\">En un comunicado conjunto sobre la situaci\u00f3n en Siria emitido al t\u00e9rmino de su reuni\u00f3n en la capital de Armenia, Yerevan, los cancilleres de los pa\u00edses que conforman la (OTSC), subrayaron la necesidad de eliminar la amenaza terrorista y poner fin a la crisis en Siria con las v\u00edas diplom\u00e1ticas y pac\u00edficas, y sin condiciones previas y lejos de cualquier interferencia externa.<\/p>\n<p style=\"text-align: justify\">El comunicado tambi\u00e9n se\u00f1al\u00f3 la importancia de los esfuerzos que se est\u00e1n haciendo por parte de los jefes del Grupo Internacional de Apoyo a Siria para garantizar y promover el sistema de cesaci\u00f3n de hostilidades, as\u00ed como llamaron a movilizar los esfuerzos de la comunidad internacional en aras de crear condiciones favorables para secar los canales de financiaci\u00f3n del terrorismo.<\/p>\n<p style=\"text-align: justify\">De igual manera, el comunicado reafirm\u00f3 la importancia de asegurar el alcance de resultados concretos de las actuales consultas en Ginebra que se llevan a cabo bajo la supervisi\u00f3n internacional entre el gobierno sirio y un amplio espectro de la oposici\u00f3n.&#8221;<\/p>\n<p style=\"text-align: justify\">\n<span style=\"color: #0000ff\">Fady M., Hala B.<\/span><\/p>\n","protected":false},"excerpt":{"rendered":"<p>Erev\u00e1n, SANA Los cancilleres de los pa\u00edses miembros de la Organizaci\u00f3n del Tratado de Seguridad Colectiva (OTSC) llamaron a forjar un frente unido para luchar contra el terrorismo y el extremismo en Siria. En un comunicado conjunto sobre la situaci\u00f3n en Siria emitido al t\u00e9rmino de su reuni\u00f3n en la capital de Armenia, Yerevan, los &hellip;<\/p>\n","protected":false},"author":1,"featured_media":46458,"comment_status":"closed","ping_status":"closed","sticky":false,"template":"","format":"standard","meta":{"footnotes":""},"categories":[597,457,576,7541],"tags":[8840],"class_list":["post-46457","post","type-post","status-publish","format-standard","has-post-thumbnail","","category-cinta-de-noticias","category-noticias-arabe-internacional-politica","category-noticias-politicas","category-ultimas-noticias","tag-otsc-llama-a-formar-un-frente-unido-para-luchar-contra-el-terrorismo-en-siria"],"_links":{"self":[{"href":"https:\/\/archive.sana.sy\/es\/index.php?rest_route=\/wp\/v2\/posts\/46457"}],"collection":[{"href":"https:\/\/archive.sana.sy\/es\/index.php?rest_route=\/wp\/v2\/posts"}],"about":[{"href":"https:\/\/archive.sana.sy\/es\/index.php?rest_route=\/wp\/v2\/types\/post"}],"author":[{"embeddable":true,"href":"https:\/\/archive.sana.sy\/es\/index.php?rest_route=\/wp\/v2\/users\/1"}],"replies":[{"embeddable":true,"href":"https:\/\/archive.sana.sy\/es\/index.php?rest_route=%2Fwp%2Fv2%2Fcomments&post=46457"}],"version-history":[{"count":0,"href":"https:\/\/archive.sana.sy\/es\/index.php?rest_route=\/wp\/v2\/posts\/46457\/revisions"}],"wp:featuredmedia":[{"embeddable":true,"href":"https:\/\/archive.sana.sy\/es\/index.php?rest_route=\/wp\/v2\/media\/46458"}],"wp:attachment":[{"href":"https:\/\/archive.sana.sy\/es\/index.php?rest_route=%2Fwp%2Fv2%2Fmedia&parent=46457"}],"wp:term":[{"taxonomy":"category","embeddable":true,"href":"https:\/\/archive.sana.sy\/es\/index.php?rest_route=%2Fwp%2Fv2%2Fcategories&post=46457"},{"taxonomy":"post_tag","embeddable":true,"href":"https:\/\/archive.sana.sy\/es\/index.php?rest_route=%2Fwp%2Fv2%2Ftags&post=46457"}],"curies":[{"name":"wp","href":"https:\/\/api.w.org\/{rel}","templated":true}]}}