{"id":46492,"date":"2016-07-05T18:13:58","date_gmt":"2016-07-05T15:13:58","guid":{"rendered":"http:\/\/www.sana.sy\/es\/?p=46492"},"modified":"2016-07-05T20:04:56","modified_gmt":"2016-07-05T17:04:56","slug":"presidente-al-assad-recibe-cables-de-felicitacion-por-eid-al-fitr","status":"publish","type":"post","link":"https:\/\/archive.sana.sy\/es\/?p=46492","title":{"rendered":"Presidente al-Assad recibe cables de felicitaci\u00f3n por Eid al-Fitr"},"content":{"rendered":"<p><span style=\"color: #800000\">Damasco, SANA<\/span><\/p>\n<p style=\"text-align: justify\">El presidente Bashar al-Assad recibi\u00f3 este martes cables de felicitaci\u00f3n por parte de ministros y destacadas figuras religiosas\u00a0con ocasi\u00f3n de Eid al-Fitr (fiesta de la ruptura del ayuno).<\/p>\n<p style=\"text-align: justify\">El ministro de Asuntos religiosos (Auqaf), Dr. Muhammad Abdul-Sattar al-Sayyed expres\u00f3 sus sinceras felicitaciones al presidente al-Assad, y su esperanza en que Allah ayude a Siria para que venza a sus enemigos, y tenga en su Gloria a los m\u00e1rtires que perdieron su vida a manos de los wahabies takfiries.<\/p>\n<p style=\"text-align: justify\">Asimismo, el ministro de Justicia, Nayem Hamad al-Ahmad, expres\u00f3 sus cordiales felicitaciones al jefe del Estado sirio, esperando que este a\u00f1o sea el a\u00f1o de la victoria definitiva sobre las fuerzas oscurantistas.<\/p>\n<p style=\"text-align: justify\">Asegur\u00f3 que los jueces de Siria velar\u00e1n por la aplicaci\u00f3n de la justicia y ley a todos sin exclusi\u00f3n.<\/p>\n<p style=\"text-align: justify\">De igual manera, el Gran Muft\u00ed de la Rep\u00fablica \u00c1rabe Siria felicit\u00f3 al presidente al-Assad, al pueblo y al ej\u00e9rcito sirios por la conclusi\u00f3n del bendito mes de Ramadan, resaltando que la fiesta de Fitr de este a\u00f1o augura noticias buenas a los sirios que resistieron y ofreci\u00f3 numerosos m\u00e1rtires.<\/p>\n<p style=\"text-align: justify\">El Primer Juez de Shari\u00b4a de\u00a0Damasco, Mahmud al-Maaraui trasmiti\u00f3 tambi\u00e9n sus felicitaciones y sinceros votos al presidente al-Assad y su familia por la llegada de la bendita fiesta, deseando que la paz prevalezca en toda la naci\u00f3n \u00e1rabe.<\/p>\n<p style=\"text-align: justify\">Al-Maaraui hab\u00eda anunciado ayer que el mi\u00e9rcoles es el primer d\u00eda de la fiesta de Fitr.<\/p>\n<p>Lynn A.<\/p>\n","protected":false},"excerpt":{"rendered":"<p>Damasco, SANA El presidente Bashar al-Assad recibi\u00f3 este martes cables de felicitaci\u00f3n por parte de ministros y destacadas figuras religiosas\u00a0con ocasi\u00f3n de Eid al-Fitr (fiesta de la ruptura del ayuno). El ministro de Asuntos religiosos (Auqaf), Dr. Muhammad Abdul-Sattar al-Sayyed expres\u00f3 sus sinceras felicitaciones al presidente al-Assad, y su esperanza en que Allah ayude a &hellip;<\/p>\n","protected":false},"author":24,"featured_media":25211,"comment_status":"closed","ping_status":"closed","sticky":false,"template":"","format":"standard","meta":{"footnotes":""},"categories":[583,626],"tags":[],"class_list":["post-46492","post","type-post","status-publish","format-standard","has-post-thumbnail","","category-slide","category-sr-presidente"],"_links":{"self":[{"href":"https:\/\/archive.sana.sy\/es\/index.php?rest_route=\/wp\/v2\/posts\/46492"}],"collection":[{"href":"https:\/\/archive.sana.sy\/es\/index.php?rest_route=\/wp\/v2\/posts"}],"about":[{"href":"https:\/\/archive.sana.sy\/es\/index.php?rest_route=\/wp\/v2\/types\/post"}],"author":[{"embeddable":true,"href":"https:\/\/archive.sana.sy\/es\/index.php?rest_route=\/wp\/v2\/users\/24"}],"replies":[{"embeddable":true,"href":"https:\/\/archive.sana.sy\/es\/index.php?rest_route=%2Fwp%2Fv2%2Fcomments&post=46492"}],"version-history":[{"count":0,"href":"https:\/\/archive.sana.sy\/es\/index.php?rest_route=\/wp\/v2\/posts\/46492\/revisions"}],"wp:featuredmedia":[{"embeddable":true,"href":"https:\/\/archive.sana.sy\/es\/index.php?rest_route=\/wp\/v2\/media\/25211"}],"wp:attachment":[{"href":"https:\/\/archive.sana.sy\/es\/index.php?rest_route=%2Fwp%2Fv2%2Fmedia&parent=46492"}],"wp:term":[{"taxonomy":"category","embeddable":true,"href":"https:\/\/archive.sana.sy\/es\/index.php?rest_route=%2Fwp%2Fv2%2Fcategories&post=46492"},{"taxonomy":"post_tag","embeddable":true,"href":"https:\/\/archive.sana.sy\/es\/index.php?rest_route=%2Fwp%2Fv2%2Ftags&post=46492"}],"curies":[{"name":"wp","href":"https:\/\/api.w.org\/{rel}","templated":true}]}}