{"id":46494,"date":"2016-07-05T17:00:30","date_gmt":"2016-07-05T14:00:30","guid":{"rendered":"http:\/\/www.sana.sy\/es\/?p=46494"},"modified":"2016-07-05T20:06:19","modified_gmt":"2016-07-05T17:06:19","slug":"putin-examina-situacion-en-siria-con-los-miembros-permanentes-del-consejo-de-seguridad-de-rusia","status":"publish","type":"post","link":"https:\/\/archive.sana.sy\/es\/?p=46494","title":{"rendered":"Putin examina situaci\u00f3n en Siria con los miembros permanentes del Consejo de Seguridad de Rusia"},"content":{"rendered":"<p><span style=\"color: #800000\">Mosc\u00fa, SANA<\/span><\/p>\n<p style=\"text-align: justify\">El presidente ruso, Vladimir Putin, debati\u00f3 este martes con los miembros permanentes del Consejo de Seguridad de Rusia una serie de cuestiones\u00a0que se centraron en la situaci\u00f3n en Siria, las relaciones con la OTAN y las medidas de confianza en el cielo de la regi\u00f3n del B\u00e1ltico, seg\u00fan cit\u00f3 el canal ruso RT al portavoz del Kremlin, Dimtry Peskov.<\/p>\n<p style=\"text-align: justify\">Peskov dijo que la tendencia expansionista de la OTAN demuestra nuevamente el car\u00e1cter hostil de esta alianza, considerando que este curso\u00a0no contribuye para nada a reforzar la seguridad de los miembros de la alianza sino a recrudecer\u00a0la tensi\u00f3n, especialmente en Europa.<\/p>\n<p style=\"text-align: justify\">\nLynn A.<\/p>\n","protected":false},"excerpt":{"rendered":"<p>Mosc\u00fa, SANA El presidente ruso, Vladimir Putin, debati\u00f3 este martes con los miembros permanentes del Consejo de Seguridad de Rusia una serie de cuestiones\u00a0que se centraron en la situaci\u00f3n en Siria, las relaciones con la OTAN y las medidas de confianza en el cielo de la regi\u00f3n del B\u00e1ltico, seg\u00fan cit\u00f3 el canal ruso RT &hellip;<\/p>\n","protected":false},"author":24,"featured_media":43992,"comment_status":"closed","ping_status":"closed","sticky":false,"template":"","format":"standard","meta":{"footnotes":""},"categories":[456,457,7541],"tags":[],"class_list":["post-46494","post","type-post","status-publish","format-standard","has-post-thumbnail","","category-arabe-internacional-politica","category-noticias-arabe-internacional-politica","category-ultimas-noticias"],"_links":{"self":[{"href":"https:\/\/archive.sana.sy\/es\/index.php?rest_route=\/wp\/v2\/posts\/46494"}],"collection":[{"href":"https:\/\/archive.sana.sy\/es\/index.php?rest_route=\/wp\/v2\/posts"}],"about":[{"href":"https:\/\/archive.sana.sy\/es\/index.php?rest_route=\/wp\/v2\/types\/post"}],"author":[{"embeddable":true,"href":"https:\/\/archive.sana.sy\/es\/index.php?rest_route=\/wp\/v2\/users\/24"}],"replies":[{"embeddable":true,"href":"https:\/\/archive.sana.sy\/es\/index.php?rest_route=%2Fwp%2Fv2%2Fcomments&post=46494"}],"version-history":[{"count":0,"href":"https:\/\/archive.sana.sy\/es\/index.php?rest_route=\/wp\/v2\/posts\/46494\/revisions"}],"wp:featuredmedia":[{"embeddable":true,"href":"https:\/\/archive.sana.sy\/es\/index.php?rest_route=\/wp\/v2\/media\/43992"}],"wp:attachment":[{"href":"https:\/\/archive.sana.sy\/es\/index.php?rest_route=%2Fwp%2Fv2%2Fmedia&parent=46494"}],"wp:term":[{"taxonomy":"category","embeddable":true,"href":"https:\/\/archive.sana.sy\/es\/index.php?rest_route=%2Fwp%2Fv2%2Fcategories&post=46494"},{"taxonomy":"post_tag","embeddable":true,"href":"https:\/\/archive.sana.sy\/es\/index.php?rest_route=%2Fwp%2Fv2%2Ftags&post=46494"}],"curies":[{"name":"wp","href":"https:\/\/api.w.org\/{rel}","templated":true}]}}