{"id":46499,"date":"2016-07-05T17:15:54","date_gmt":"2016-07-05T14:15:54","guid":{"rendered":"http:\/\/www.sana.sy\/es\/?p=46499"},"modified":"2016-07-05T20:04:20","modified_gmt":"2016-07-05T17:04:20","slug":"laborde-30-mil-terroristas-extranjeros-podrian-cometer-ataques-mas-fuertes-en-sus-paises-de-origen","status":"publish","type":"post","link":"https:\/\/archive.sana.sy\/es\/?p=46499","title":{"rendered":"Laborde: 30 mil terroristas extranjeros podr\u00edan cometer ataques m\u00e1s fuertes en sus pa\u00edses de origen"},"content":{"rendered":"<p><span style=\"color: #800000\">Nueva York, SANA<\/span><\/p>\n<p style=\"text-align: justify\">Alrededor de 30 mil terroristas extranjeros desplegados en Irak y Siria podr\u00edan regresar a sus pa\u00edses originales para cometer all\u00e1 ataques terroristas m\u00e1s fuertes, advirti\u00f3 este martes Jean-Paul Laborde, director ejecutivo del Comit\u00e9 de la ONU contra el Terrorismo.<\/p>\n<p style=\"text-align: justify\">La agencia de noticias francesa AFP cit\u00f3 a Laborde diciendo en una rueda de prensa en Ginebra que \u201ccombatientes terroristas extranjeros son muy numerosos en Irak y Siria, y son alrededor de 30 mil, y ahora con la reducci\u00f3n del espacio vital de la organizaci\u00f3n del Estado Isl\u00e1mico en Irak, nos vemos a ellos regresando hacia nosotros no solamente en Europa sino tambi\u00e9n a sus pa\u00edses de origen tales como en T\u00fanez y Marruecos.<\/p>\n<p style=\"text-align: justify\">Laborde aludi\u00f3 a la posibilidad de que estos terroristas lleven a cabo ataques m\u00e1s fuertes en sus propios pa\u00edses a consecuencia de la presi\u00f3n aplicada sobre ellos, haciendo llamados a la Comunidad Internacional para que colabore con las compa\u00f1\u00edas privadas tales como Google, Twitter y Microsoft a fin de mejorar el control sobre los terrorista en internet, as\u00ed como para compartir m\u00e1s informaciones y de manera m\u00e1s r\u00e1pida entre sus Estados.<\/p>\n<p style=\"text-align: justify\">\u201cSi no hacemos esto, vamos a seguir viendo cada vez m\u00e1s actos terroristas.&#8221;, advirti\u00f3.<\/p>\n<p>&nbsp;<\/p>\n<p>&nbsp;<\/p>\n<p>Lynn A.<\/p>\n","protected":false},"excerpt":{"rendered":"<p>Nueva York, SANA Alrededor de 30 mil terroristas extranjeros desplegados en Irak y Siria podr\u00edan regresar a sus pa\u00edses originales para cometer all\u00e1 ataques terroristas m\u00e1s fuertes, advirti\u00f3 este martes Jean-Paul Laborde, director ejecutivo del Comit\u00e9 de la ONU contra el Terrorismo. La agencia de noticias francesa AFP cit\u00f3 a Laborde diciendo en una rueda &hellip;<\/p>\n","protected":false},"author":24,"featured_media":46500,"comment_status":"closed","ping_status":"closed","sticky":false,"template":"","format":"standard","meta":{"footnotes":""},"categories":[555,7541],"tags":[],"class_list":["post-46499","post","type-post","status-publish","format-standard","has-post-thumbnail","","category-prensa","category-ultimas-noticias"],"_links":{"self":[{"href":"https:\/\/archive.sana.sy\/es\/index.php?rest_route=\/wp\/v2\/posts\/46499"}],"collection":[{"href":"https:\/\/archive.sana.sy\/es\/index.php?rest_route=\/wp\/v2\/posts"}],"about":[{"href":"https:\/\/archive.sana.sy\/es\/index.php?rest_route=\/wp\/v2\/types\/post"}],"author":[{"embeddable":true,"href":"https:\/\/archive.sana.sy\/es\/index.php?rest_route=\/wp\/v2\/users\/24"}],"replies":[{"embeddable":true,"href":"https:\/\/archive.sana.sy\/es\/index.php?rest_route=%2Fwp%2Fv2%2Fcomments&post=46499"}],"version-history":[{"count":0,"href":"https:\/\/archive.sana.sy\/es\/index.php?rest_route=\/wp\/v2\/posts\/46499\/revisions"}],"wp:featuredmedia":[{"embeddable":true,"href":"https:\/\/archive.sana.sy\/es\/index.php?rest_route=\/wp\/v2\/media\/46500"}],"wp:attachment":[{"href":"https:\/\/archive.sana.sy\/es\/index.php?rest_route=%2Fwp%2Fv2%2Fmedia&parent=46499"}],"wp:term":[{"taxonomy":"category","embeddable":true,"href":"https:\/\/archive.sana.sy\/es\/index.php?rest_route=%2Fwp%2Fv2%2Fcategories&post=46499"},{"taxonomy":"post_tag","embeddable":true,"href":"https:\/\/archive.sana.sy\/es\/index.php?rest_route=%2Fwp%2Fv2%2Ftags&post=46499"}],"curies":[{"name":"wp","href":"https:\/\/api.w.org\/{rel}","templated":true}]}}