{"id":46505,"date":"2016-07-05T20:01:19","date_gmt":"2016-07-05T17:01:19","guid":{"rendered":"http:\/\/www.sana.sy\/es\/?p=46505"},"modified":"2016-07-05T20:01:19","modified_gmt":"2016-07-05T17:01:19","slug":"el-papa-francisco-solo-una-solucion-politica-puede-poner-fin-a-la-crisis-siria","status":"publish","type":"post","link":"https:\/\/archive.sana.sy\/es\/?p=46505","title":{"rendered":"El Papa Francisco: &#8220;S\u00f3lo una soluci\u00f3n pol\u00edtica puede poner fin a la crisis siria&#8221;"},"content":{"rendered":"<p style=\"text-align: justify\"><span style=\"color: #800000\">Roma, SANA<\/span>&#8211; El Papa Francisco llam\u00f3 a la comunidad internacional para aunar los esfuerzos en busca de una soluci\u00f3n pol\u00edtica a al crisis en Siria, afirmando que el dialogo es la \u00fanica v\u00eda de resolver esta crisis y lejos de soluciones militares.<\/p>\n<p style=\"text-align: justify\">El Papa Francisco confirm\u00f3 en un mensaje de video emitido en el marco la campa\u00f1a llevada a cabo por la organizaci\u00f3n cat\u00f3lica C\u00e1ritas bajo el lema\u201d Siria la paz es posible\u201d, que todo el mundo debe entender que &#8220;no hay soluci\u00f3n militar a la crisis siria, s\u00f3lo soluci\u00f3n pol\u00edtica&#8221;.<\/p>\n<p style=\"text-align: justify\">Su Eminencia indic\u00f3 que la comunidad internacional debe apoyar las conversaciones inter-sirias con el de fin de llegar a un arreglo a la crisis y restablecer la paz y la seguridad en Siria, exigiendo el m\u00e1ximo respecto al acurdo del cese de hostilidades en todas las zonas del pa\u00eds.<\/p>\n<p>M.Miri<\/p>\n","protected":false},"excerpt":{"rendered":"<p>Roma, SANA&#8211; El Papa Francisco llam\u00f3 a la comunidad internacional para aunar los esfuerzos en busca de una soluci\u00f3n pol\u00edtica a al crisis en Siria, afirmando que el dialogo es la \u00fanica v\u00eda de resolver esta crisis y lejos de soluciones militares. El Papa Francisco confirm\u00f3 en un mensaje de video emitido en el marco &hellip;<\/p>\n","protected":false},"author":1,"featured_media":46506,"comment_status":"closed","ping_status":"closed","sticky":false,"template":"","format":"standard","meta":{"footnotes":""},"categories":[467,7541],"tags":[8848],"class_list":["post-46505","post","type-post","status-publish","format-standard","has-post-thumbnail","","category-siria-y-el-mundo","category-ultimas-noticias","tag-papa-francisco"],"_links":{"self":[{"href":"https:\/\/archive.sana.sy\/es\/index.php?rest_route=\/wp\/v2\/posts\/46505"}],"collection":[{"href":"https:\/\/archive.sana.sy\/es\/index.php?rest_route=\/wp\/v2\/posts"}],"about":[{"href":"https:\/\/archive.sana.sy\/es\/index.php?rest_route=\/wp\/v2\/types\/post"}],"author":[{"embeddable":true,"href":"https:\/\/archive.sana.sy\/es\/index.php?rest_route=\/wp\/v2\/users\/1"}],"replies":[{"embeddable":true,"href":"https:\/\/archive.sana.sy\/es\/index.php?rest_route=%2Fwp%2Fv2%2Fcomments&post=46505"}],"version-history":[{"count":0,"href":"https:\/\/archive.sana.sy\/es\/index.php?rest_route=\/wp\/v2\/posts\/46505\/revisions"}],"wp:featuredmedia":[{"embeddable":true,"href":"https:\/\/archive.sana.sy\/es\/index.php?rest_route=\/wp\/v2\/media\/46506"}],"wp:attachment":[{"href":"https:\/\/archive.sana.sy\/es\/index.php?rest_route=%2Fwp%2Fv2%2Fmedia&parent=46505"}],"wp:term":[{"taxonomy":"category","embeddable":true,"href":"https:\/\/archive.sana.sy\/es\/index.php?rest_route=%2Fwp%2Fv2%2Fcategories&post=46505"},{"taxonomy":"post_tag","embeddable":true,"href":"https:\/\/archive.sana.sy\/es\/index.php?rest_route=%2Fwp%2Fv2%2Ftags&post=46505"}],"curies":[{"name":"wp","href":"https:\/\/api.w.org\/{rel}","templated":true}]}}