{"id":46600,"date":"2016-07-06T17:22:02","date_gmt":"2016-07-06T14:22:02","guid":{"rendered":"http:\/\/www.sana.sy\/es\/?p=46600"},"modified":"2016-07-07T12:26:16","modified_gmt":"2016-07-07T09:26:16","slug":"el-general-al-freij-visita-el-hospital-militar-de-teshreen-con-motivo-del-eid-al-fitr","status":"publish","type":"post","link":"https:\/\/archive.sana.sy\/es\/?p=46600","title":{"rendered":"El general al-Freij visita el hospital militar de Teshreen con motivo del &#8220;Eid al-Fitr&#8221;"},"content":{"rendered":"<p style=\"text-align: justify\"><span style=\"color: #800000\">Damasco, SANA<\/span>\u2013 Cumpliendo las instrucciones del presidente Bashar Al-Assad, el vicecomandante general del Ej\u00e9rcito y las Fuerzas Armadas, ministro de Defensa, \u00a0el general Fahed Yassem al-Freij, ha visitado el mi\u00e9rcoles, los heridos del Ej\u00e9rcito \u00c1rabe Sirio en el Hospital Militar de Teshreen con motivo del &#8220;Eid al-Fitr&#8221;.<\/p>\n<p style=\"text-align: justify\">El ministro de Defensa felicit\u00f3 a los soldados heridos, y les transmiti\u00f3 los saludos del presidente Al-Assad, con \u00a0motivo del &#8220;Eid al-Fitr&#8221;.<\/p>\n<p style=\"text-align: justify\">En el mismo contexto, el general al-Freij elogi\u00f3 la alta moral de los soldados, asegurando que Siria est\u00e1 marchando con firmes pasos hacia la victoria, sin hacer caso a los rumores y la guerra psicol\u00f3gica librada en su contra, gracias a la unidad de su pueblo, los sacrificios del ej\u00e9rcito y la cordura de su liderazgo.<\/p>\n<p style=\"text-align: justify\">El titular de Defensa expres\u00f3 el orgullo del pueblo y el liderazgo militar de Siria por los sacrificios y las heroicidades presentados por los soldados en su batalla contra la agresi\u00f3n terrorista que enfrenta el pa\u00eds.<\/p>\n<p style=\"text-align: justify\">Al concluir su visita, el Ministro de Defensa agradeci\u00f3 al personal m\u00e9dico por sus esfuerzos realizados en el cuidado de los heridos.<\/p>\n<p style=\"text-align: justify\">Por su parte, los soldados del ej\u00e9rcito afirmaron que permanecer\u00e1n siempre siendo este gran escudo que protege la patria de las organizaciones terroristas donde quiera que est\u00e9n para preservar la dignidad de la patria.<\/p>\n<p style=\"text-align: justify\">M.Miri<\/p>\n","protected":false},"excerpt":{"rendered":"<p>Damasco, SANA\u2013 Cumpliendo las instrucciones del presidente Bashar Al-Assad, el vicecomandante general del Ej\u00e9rcito y las Fuerzas Armadas, ministro de Defensa, \u00a0el general Fahed Yassem al-Freij, ha visitado el mi\u00e9rcoles, los heridos del Ej\u00e9rcito \u00c1rabe Sirio en el Hospital Militar de Teshreen con motivo del &#8220;Eid al-Fitr&#8221;. El ministro de Defensa felicit\u00f3 a los soldados &hellip;<\/p>\n","protected":false},"author":1,"featured_media":46601,"comment_status":"closed","ping_status":"closed","sticky":false,"template":"","format":"standard","meta":{"footnotes":""},"categories":[477,476,583,7541],"tags":[8862],"class_list":["post-46600","post","type-post","status-publish","format-standard","has-post-thumbnail","","category-noticias-edulcorantes","category-locales","category-slide","category-ultimas-noticias","tag-al-freij"],"_links":{"self":[{"href":"https:\/\/archive.sana.sy\/es\/index.php?rest_route=\/wp\/v2\/posts\/46600"}],"collection":[{"href":"https:\/\/archive.sana.sy\/es\/index.php?rest_route=\/wp\/v2\/posts"}],"about":[{"href":"https:\/\/archive.sana.sy\/es\/index.php?rest_route=\/wp\/v2\/types\/post"}],"author":[{"embeddable":true,"href":"https:\/\/archive.sana.sy\/es\/index.php?rest_route=\/wp\/v2\/users\/1"}],"replies":[{"embeddable":true,"href":"https:\/\/archive.sana.sy\/es\/index.php?rest_route=%2Fwp%2Fv2%2Fcomments&post=46600"}],"version-history":[{"count":0,"href":"https:\/\/archive.sana.sy\/es\/index.php?rest_route=\/wp\/v2\/posts\/46600\/revisions"}],"wp:featuredmedia":[{"embeddable":true,"href":"https:\/\/archive.sana.sy\/es\/index.php?rest_route=\/wp\/v2\/media\/46601"}],"wp:attachment":[{"href":"https:\/\/archive.sana.sy\/es\/index.php?rest_route=%2Fwp%2Fv2%2Fmedia&parent=46600"}],"wp:term":[{"taxonomy":"category","embeddable":true,"href":"https:\/\/archive.sana.sy\/es\/index.php?rest_route=%2Fwp%2Fv2%2Fcategories&post=46600"},{"taxonomy":"post_tag","embeddable":true,"href":"https:\/\/archive.sana.sy\/es\/index.php?rest_route=%2Fwp%2Fv2%2Ftags&post=46600"}],"curies":[{"name":"wp","href":"https:\/\/api.w.org\/{rel}","templated":true}]}}