{"id":46681,"date":"2016-07-08T20:28:03","date_gmt":"2016-07-08T17:28:03","guid":{"rendered":"http:\/\/www.sana.sy\/es\/?p=46681"},"modified":"2016-07-08T20:31:53","modified_gmt":"2016-07-08T17:31:53","slug":"ejercito-repele-ataques-del-ei-en-el-campo-oriental-de-homs","status":"publish","type":"post","link":"https:\/\/archive.sana.sy\/es\/?p=46681","title":{"rendered":"Ej\u00e9rcito repele ataques del EI en los campos de Homs y Hama"},"content":{"rendered":"<p style=\"text-align: justify\"><span style=\"color: #800000\">Provincias, SANA<\/span>&#8211; Una unidad del Ej\u00e9rcito y de las Fuerzas Armadas que opera en el campo oriental de la provincia c\u00e9ntrica de Homs, frustr\u00f3 un ataques del EI contra unas posiciones militares en la zona.<\/p>\n<p style=\"text-align: justify\">Una fuente militar le inform\u00f3 a SANA que unidad del ej\u00e9rcito se enfrent\u00f3 esta ma\u00f1ana a un grupo de terroristas de &#8220;Daesh&#8221; que intentaron atacar posiciones militares en las colinas del poblado Abu al-Alaya a 70 km al este de Homs, matando a siete terroristas e hiriendo a otros y obligando al resto a huir precipitadamente, adem\u00e1s de la destrucci\u00f3n de unos veh\u00edculos y pertrechos b\u00e9licos de los atacantes.<\/p>\n<p style=\"text-align: justify\"><span style=\"color: #0000ff\">Hama<\/span><\/p>\n<p style=\"text-align: justify\">Una unidad milite destruye un veh\u00edculo del EI en el campo de Hama.<\/p>\n<p style=\"text-align: justify\">Una unidad del ej\u00e9rcito y de las Fuerzas Armadas dirigi\u00f3 este viernes, fuertes golpes contra concentraciones terroristas en el campo oriental de la provincia de Hama.<\/p>\n<p style=\"text-align: justify\">De acuerdo con una fuente militar, un veh\u00edculo de los terroristas del EI fue destruido cerca de la presa de Akareb, adem\u00e1s de infligir bajas personales en las filas de los terroristas.<\/p>\n<p style=\"text-align: justify\">M.Miri<\/p>\n","protected":false},"excerpt":{"rendered":"<p>Provincias, SANA&#8211; Una unidad del Ej\u00e9rcito y de las Fuerzas Armadas que opera en el campo oriental de la provincia c\u00e9ntrica de Homs, frustr\u00f3 un ataques del EI contra unas posiciones militares en la zona. Una fuente militar le inform\u00f3 a SANA que unidad del ej\u00e9rcito se enfrent\u00f3 esta ma\u00f1ana a un grupo de terroristas &hellip;<\/p>\n","protected":false},"author":1,"featured_media":37590,"comment_status":"closed","ping_status":"closed","sticky":false,"template":"","format":"standard","meta":{"footnotes":""},"categories":[573,583,7541],"tags":[8571],"class_list":["post-46681","post","type-post","status-publish","format-standard","has-post-thumbnail","","category-la-realidad-de-los-acontecimientos-en-siria","category-slide","category-ultimas-noticias","tag-ejercito"],"_links":{"self":[{"href":"https:\/\/archive.sana.sy\/es\/index.php?rest_route=\/wp\/v2\/posts\/46681"}],"collection":[{"href":"https:\/\/archive.sana.sy\/es\/index.php?rest_route=\/wp\/v2\/posts"}],"about":[{"href":"https:\/\/archive.sana.sy\/es\/index.php?rest_route=\/wp\/v2\/types\/post"}],"author":[{"embeddable":true,"href":"https:\/\/archive.sana.sy\/es\/index.php?rest_route=\/wp\/v2\/users\/1"}],"replies":[{"embeddable":true,"href":"https:\/\/archive.sana.sy\/es\/index.php?rest_route=%2Fwp%2Fv2%2Fcomments&post=46681"}],"version-history":[{"count":0,"href":"https:\/\/archive.sana.sy\/es\/index.php?rest_route=\/wp\/v2\/posts\/46681\/revisions"}],"wp:featuredmedia":[{"embeddable":true,"href":"https:\/\/archive.sana.sy\/es\/index.php?rest_route=\/wp\/v2\/media\/37590"}],"wp:attachment":[{"href":"https:\/\/archive.sana.sy\/es\/index.php?rest_route=%2Fwp%2Fv2%2Fmedia&parent=46681"}],"wp:term":[{"taxonomy":"category","embeddable":true,"href":"https:\/\/archive.sana.sy\/es\/index.php?rest_route=%2Fwp%2Fv2%2Fcategories&post=46681"},{"taxonomy":"post_tag","embeddable":true,"href":"https:\/\/archive.sana.sy\/es\/index.php?rest_route=%2Fwp%2Fv2%2Ftags&post=46681"}],"curies":[{"name":"wp","href":"https:\/\/api.w.org\/{rel}","templated":true}]}}