{"id":46717,"date":"2016-07-08T20:09:51","date_gmt":"2016-07-08T17:09:51","guid":{"rendered":"http:\/\/www.sana.sy\/es\/?p=46717"},"modified":"2016-07-08T20:12:51","modified_gmt":"2016-07-08T17:12:51","slug":"homenaje-a-heridos-del-ejercito-arabe-sirio-en-la-provincia-de-qamishli","status":"publish","type":"post","link":"https:\/\/archive.sana.sy\/es\/?p=46717","title":{"rendered":"Homenaje a heridos del Ej\u00e9rcito \u00c1rabe Sirio en la provincia de Hasaka"},"content":{"rendered":"<p style=\"text-align: justify\"><span style=\"color: #800000\">Hasaka, SANA<\/span>&#8211; La Oficina de Familia Siria para la reconciliaci\u00f3n nacional en la ciudad de Qamishli honr\u00f3 a un n\u00famero de soldados del Ej\u00e9rcito \u00c1rabe Sirio y agentes de la polic\u00eda de tr\u00e1fico y a los heridos h\u00e9roes de la guarnici\u00f3n del Aeropuerto militar de Deir al-Zour, con motivo del &#8220;Eid Al Fitr&#8221;.<\/p>\n<p style=\"text-align: justify\">En su declaraci\u00f3n a la prensa, Khaled al-Houssen, director de la oficina, elogi\u00f3 los sacrificios del ej\u00e9rcito y de las fuerzas armadas en la lucha contra el terrorismo, expresando el orgullo de todo el pueblo sirio por los logros alcanzados por el ej\u00e9rcito y las fuerzas armadas.<\/p>\n<p style=\"text-align: justify\"><a href=\"http:\/\/www.sana.sy\/es\/?attachment_id=46718\" rel=\"attachment wp-att-46718\"><img loading=\"lazy\" decoding=\"async\" class=\"alignnone size-medium wp-image-46718\" src=\"http:\/\/www.sana.sy\/es\/wp-content\/uploads\/2016\/07\/q-2-292x300.jpg\" alt=\"q 2\" width=\"292\" height=\"300\" srcset=\"https:\/\/archive.sana.sy\/es\/wp-content\/uploads\/2016\/07\/q-2.jpg 292w, https:\/\/archive.sana.sy\/es\/wp-content\/uploads\/2016\/07\/q-2-146x150.jpg 146w\" sizes=\"(max-width: 292px) 100vw, 292px\" \/><\/a><\/p>\n<p style=\"text-align: justify\">Asimismo, los miembros de la oficina visitaron los heridos del ej\u00e9rcito que se encuentran en el hospital de Qamishli, agradeciendo a los h\u00e9roes del ej\u00e9rcito sus esfuerzos en defender la provincia para que permanezca protegida de los terroristas.<\/p>\n<p><a href=\"http:\/\/www.sana.sy\/es\/?attachment_id=46719\" rel=\"attachment wp-att-46719\"><img loading=\"lazy\" decoding=\"async\" class=\"alignnone size-medium wp-image-46719\" src=\"http:\/\/www.sana.sy\/es\/wp-content\/uploads\/2016\/07\/q-3-300x263.jpg\" alt=\"q 3\" width=\"300\" height=\"263\" srcset=\"https:\/\/archive.sana.sy\/es\/wp-content\/uploads\/2016\/07\/q-3.jpg 300w, https:\/\/archive.sana.sy\/es\/wp-content\/uploads\/2016\/07\/q-3-150x132.jpg 150w\" sizes=\"(max-width: 300px) 100vw, 300px\" \/><\/a><\/p>\n<p style=\"text-align: justify\">Por su parte, los uniformados explicaron que la visita refleja el apoyo de la gente de la provincia al ej\u00e9rcito en su guerra contra el terrorismo, confirmando su determinaci\u00f3n de seguir luchando codo a codo contra las organizaciones terroristas.<\/p>\n<p style=\"text-align: justify\">M.Miri<\/p>\n","protected":false},"excerpt":{"rendered":"<p>Hasaka, SANA&#8211; La Oficina de Familia Siria para la reconciliaci\u00f3n nacional en la ciudad de Qamishli honr\u00f3 a un n\u00famero de soldados del Ej\u00e9rcito \u00c1rabe Sirio y agentes de la polic\u00eda de tr\u00e1fico y a los heridos h\u00e9roes de la guarnici\u00f3n del Aeropuerto militar de Deir al-Zour, con motivo del &#8220;Eid Al Fitr&#8221;. En su &hellip;<\/p>\n","protected":false},"author":1,"featured_media":46720,"comment_status":"closed","ping_status":"closed","sticky":false,"template":"","format":"standard","meta":{"footnotes":""},"categories":[477,476,7541],"tags":[8615],"class_list":["post-46717","post","type-post","status-publish","format-standard","has-post-thumbnail","","category-noticias-edulcorantes","category-locales","category-ultimas-noticias","tag-qamishli"],"_links":{"self":[{"href":"https:\/\/archive.sana.sy\/es\/index.php?rest_route=\/wp\/v2\/posts\/46717"}],"collection":[{"href":"https:\/\/archive.sana.sy\/es\/index.php?rest_route=\/wp\/v2\/posts"}],"about":[{"href":"https:\/\/archive.sana.sy\/es\/index.php?rest_route=\/wp\/v2\/types\/post"}],"author":[{"embeddable":true,"href":"https:\/\/archive.sana.sy\/es\/index.php?rest_route=\/wp\/v2\/users\/1"}],"replies":[{"embeddable":true,"href":"https:\/\/archive.sana.sy\/es\/index.php?rest_route=%2Fwp%2Fv2%2Fcomments&post=46717"}],"version-history":[{"count":0,"href":"https:\/\/archive.sana.sy\/es\/index.php?rest_route=\/wp\/v2\/posts\/46717\/revisions"}],"wp:featuredmedia":[{"embeddable":true,"href":"https:\/\/archive.sana.sy\/es\/index.php?rest_route=\/wp\/v2\/media\/46720"}],"wp:attachment":[{"href":"https:\/\/archive.sana.sy\/es\/index.php?rest_route=%2Fwp%2Fv2%2Fmedia&parent=46717"}],"wp:term":[{"taxonomy":"category","embeddable":true,"href":"https:\/\/archive.sana.sy\/es\/index.php?rest_route=%2Fwp%2Fv2%2Fcategories&post=46717"},{"taxonomy":"post_tag","embeddable":true,"href":"https:\/\/archive.sana.sy\/es\/index.php?rest_route=%2Fwp%2Fv2%2Ftags&post=46717"}],"curies":[{"name":"wp","href":"https:\/\/api.w.org\/{rel}","templated":true}]}}