{"id":46770,"date":"2016-07-09T22:00:48","date_gmt":"2016-07-09T19:00:48","guid":{"rendered":"http:\/\/www.sana.sy\/es\/?p=46770"},"modified":"2016-07-09T22:04:20","modified_gmt":"2016-07-09T19:04:20","slug":"delegacion-parlamentaria-europea-visita-a-uniformados-heridos-en-el-hospital-de-hamish","status":"publish","type":"post","link":"https:\/\/archive.sana.sy\/es\/?p=46770","title":{"rendered":"Delegaci\u00f3n parlamentaria europea visita a uniformados heridos en el hospital de Hamish y se re\u00fane con el Patriarca Yaziyi"},"content":{"rendered":"<p><span style=\"color: #800000;\">Damasco, SANA<\/span><\/p>\n<p>Una delegaci\u00f3n parlamentaria europea visit\u00f3 este s\u00e1bado a militares heridos en el hospital del m\u00e1rtir Ahmad Hamish, donde efectuaron una gira en sus unidades y la f\u00e1brica de las pr\u00f3tesis de extremidades en el mismo.<\/p>\n<p>El jefe de la delegaci\u00f3n, vicepresidente de la Comisi\u00f3n de Asuntos Exteriores en el Parlamento Europeo, Javier Couso dijo que esta visita les permiti\u00f3 conocer el sufrimiento del pueblo sirio, la resistencia de su ej\u00e9rcito frente al terrorismo y el impacto de las sanciones ilegales aplicadas\u00a0por la Uni\u00f3n Europea a\u00a0Siria, especialmente en el sector de salud.<\/p>\n<p>Couso afirm\u00f3 que alzar\u00e1 la voz del pueblo sirio al Parlamento Europeo, manifestando su solidaridad con los militares heridos en combates contra los terroristas.<\/p>\n<p>A su vez, la parlamentaria Tatjana \u017ddanoka, alab\u00f3 la firme\u00a0voluntad de los uniformados heridos, explicando que las sanciones siempre han demostrado\u00a0que son contraproducentes.<\/p>\n<p>Por su parte, el director del hospital de Hamish, Ahmad Ozman explic\u00f3 que desde el inicio del a\u00f1o en curso hasta el presente mes de julio, el hospital llev\u00f3 a cabo 500 procesos de instalaci\u00f3n pr\u00f3tesis de extremidades, mientras que el n\u00famero total de este proceso ha llegado el a\u00f1o pasado a 1000.<\/p>\n<p>El director de la Unidad de Instalaci\u00f3n de Protesis, Youssef Sray, aludi\u00f3 a su vez, al impacto grave de las sanciones econ\u00f3micas anti sirias sobre el proceso de importaci\u00f3n del material ortop\u00e9dico.<\/p>\n<div id='gallery-1' class='gallery galleryid-46770 gallery-columns-3 gallery-size-thumbnail'><figure class='gallery-item'>\n\t\t\t<div class='gallery-icon landscape'>\n\t\t\t\t<a href='https:\/\/archive.sana.sy\/es\/wp-content\/uploads\/2016\/07\/delegacion-europea-visita-hospital-de-Hamish-3.jpg'><img loading=\"lazy\" decoding=\"async\" width=\"150\" height=\"100\" src=\"https:\/\/archive.sana.sy\/es\/wp-content\/uploads\/2016\/07\/delegacion-europea-visita-hospital-de-Hamish-3-150x100.jpg\" class=\"attachment-thumbnail size-thumbnail\" alt=\"\" srcset=\"https:\/\/archive.sana.sy\/es\/wp-content\/uploads\/2016\/07\/delegacion-europea-visita-hospital-de-Hamish-3-150x100.jpg 150w, https:\/\/archive.sana.sy\/es\/wp-content\/uploads\/2016\/07\/delegacion-europea-visita-hospital-de-Hamish-3-300x201.jpg 300w, https:\/\/archive.sana.sy\/es\/wp-content\/uploads\/2016\/07\/delegacion-europea-visita-hospital-de-Hamish-3-768x514.jpg 768w, https:\/\/archive.sana.sy\/es\/wp-content\/uploads\/2016\/07\/delegacion-europea-visita-hospital-de-Hamish-3-1024x685.jpg 1024w, https:\/\/archive.sana.sy\/es\/wp-content\/uploads\/2016\/07\/delegacion-europea-visita-hospital-de-Hamish-3-310x205.jpg 310w\" sizes=\"(max-width: 150px) 100vw, 150px\" \/><\/a>\n\t\t\t<\/div><\/figure><figure class='gallery-item'>\n\t\t\t<div class='gallery-icon landscape'>\n\t\t\t\t<a href='https:\/\/archive.sana.sy\/es\/wp-content\/uploads\/2016\/07\/delegacion-europea-visita-hospital-de-Hamish-2.jpg'><img loading=\"lazy\" decoding=\"async\" width=\"150\" height=\"107\" src=\"https:\/\/archive.sana.sy\/es\/wp-content\/uploads\/2016\/07\/delegacion-europea-visita-hospital-de-Hamish-2-150x107.jpg\" class=\"attachment-thumbnail size-thumbnail\" alt=\"\" srcset=\"https:\/\/archive.sana.sy\/es\/wp-content\/uploads\/2016\/07\/delegacion-europea-visita-hospital-de-Hamish-2-150x107.jpg 150w, https:\/\/archive.sana.sy\/es\/wp-content\/uploads\/2016\/07\/delegacion-europea-visita-hospital-de-Hamish-2-300x214.jpg 300w, https:\/\/archive.sana.sy\/es\/wp-content\/uploads\/2016\/07\/delegacion-europea-visita-hospital-de-Hamish-2-768x548.jpg 768w, https:\/\/archive.sana.sy\/es\/wp-content\/uploads\/2016\/07\/delegacion-europea-visita-hospital-de-Hamish-2-1024x731.jpg 1024w\" sizes=\"(max-width: 150px) 100vw, 150px\" \/><\/a>\n\t\t\t<\/div><\/figure><figure class='gallery-item'>\n\t\t\t<div class='gallery-icon landscape'>\n\t\t\t\t<a href='https:\/\/archive.sana.sy\/es\/wp-content\/uploads\/2016\/07\/delegacion-europea-visita-hospital-de-Hamish-1.jpg'><img loading=\"lazy\" decoding=\"async\" width=\"150\" height=\"95\" src=\"https:\/\/archive.sana.sy\/es\/wp-content\/uploads\/2016\/07\/delegacion-europea-visita-hospital-de-Hamish-1-150x95.jpg\" class=\"attachment-thumbnail size-thumbnail\" alt=\"\" srcset=\"https:\/\/archive.sana.sy\/es\/wp-content\/uploads\/2016\/07\/delegacion-europea-visita-hospital-de-Hamish-1-150x95.jpg 150w, https:\/\/archive.sana.sy\/es\/wp-content\/uploads\/2016\/07\/delegacion-europea-visita-hospital-de-Hamish-1-300x190.jpg 300w, https:\/\/archive.sana.sy\/es\/wp-content\/uploads\/2016\/07\/delegacion-europea-visita-hospital-de-Hamish-1-768x485.jpg 768w, https:\/\/archive.sana.sy\/es\/wp-content\/uploads\/2016\/07\/delegacion-europea-visita-hospital-de-Hamish-1-1024x647.jpg 1024w\" sizes=\"(max-width: 150px) 100vw, 150px\" \/><\/a>\n\t\t\t<\/div><\/figure>\n\t\t<\/div>\n\n<p>&nbsp;<\/p>\n<p>En el mismo contexto , el patriarca Yohana X Yaziyi, patriarca de Antioqu\u00eda y todo Oriente para los Ortodoxos, se reuni\u00f3 con la delegaci\u00f3n de parlamentarios europeos.<\/p>\n<p>Durante el encuentro, el patriarca hizo un llamamiento al parlamento europeo, y a los gobiernos en todo el mundo, para trabajar a encontrar una soluci\u00f3n pac\u00edfica a la crisis en Siria.<\/p>\n<p>\u201cLos sirios, musulmanes y cristianos viven como una familia, y todos sufrieron del terrorismo. Y trabajamos juntos para restablecer la seguridad e instaurar la paz, y reconstruiremos lo destruido por el terrorismo, tanto en la mezquita como en la iglesia\u201d, subray\u00f3 el patriarca.<\/p>\n<p>&nbsp;<\/p>\n<p>Lynn A., Akram. S<\/p>\n","protected":false},"excerpt":{"rendered":"<p>Damasco, SANA Una delegaci\u00f3n parlamentaria europea visit\u00f3 este s\u00e1bado a militares heridos en el hospital del m\u00e1rtir Ahmad Hamish, donde efectuaron una gira en sus unidades y la f\u00e1brica de las pr\u00f3tesis de extremidades en el mismo. El jefe de la delegaci\u00f3n, vicepresidente de la Comisi\u00f3n de Asuntos Exteriores en el Parlamento Europeo, Javier Couso &hellip;<\/p>\n","protected":false},"author":24,"featured_media":46771,"comment_status":"closed","ping_status":"closed","sticky":false,"template":"","format":"standard","meta":{"footnotes":""},"categories":[477,476,7541],"tags":[],"class_list":["post-46770","post","type-post","status-publish","format-standard","has-post-thumbnail","","category-noticias-edulcorantes","category-locales","category-ultimas-noticias"],"_links":{"self":[{"href":"https:\/\/archive.sana.sy\/es\/index.php?rest_route=\/wp\/v2\/posts\/46770"}],"collection":[{"href":"https:\/\/archive.sana.sy\/es\/index.php?rest_route=\/wp\/v2\/posts"}],"about":[{"href":"https:\/\/archive.sana.sy\/es\/index.php?rest_route=\/wp\/v2\/types\/post"}],"author":[{"embeddable":true,"href":"https:\/\/archive.sana.sy\/es\/index.php?rest_route=\/wp\/v2\/users\/24"}],"replies":[{"embeddable":true,"href":"https:\/\/archive.sana.sy\/es\/index.php?rest_route=%2Fwp%2Fv2%2Fcomments&post=46770"}],"version-history":[{"count":0,"href":"https:\/\/archive.sana.sy\/es\/index.php?rest_route=\/wp\/v2\/posts\/46770\/revisions"}],"wp:featuredmedia":[{"embeddable":true,"href":"https:\/\/archive.sana.sy\/es\/index.php?rest_route=\/wp\/v2\/media\/46771"}],"wp:attachment":[{"href":"https:\/\/archive.sana.sy\/es\/index.php?rest_route=%2Fwp%2Fv2%2Fmedia&parent=46770"}],"wp:term":[{"taxonomy":"category","embeddable":true,"href":"https:\/\/archive.sana.sy\/es\/index.php?rest_route=%2Fwp%2Fv2%2Fcategories&post=46770"},{"taxonomy":"post_tag","embeddable":true,"href":"https:\/\/archive.sana.sy\/es\/index.php?rest_route=%2Fwp%2Fv2%2Ftags&post=46770"}],"curies":[{"name":"wp","href":"https:\/\/api.w.org\/{rel}","templated":true}]}}