{"id":46834,"date":"2016-07-10T21:23:43","date_gmt":"2016-07-10T18:23:43","guid":{"rendered":"http:\/\/www.sana.sy\/es\/?p=46834"},"modified":"2016-07-10T21:26:16","modified_gmt":"2016-07-10T18:26:16","slug":"fuerzas-de-seguridad-francesas-desalojan-el-recinto-del-hotel-que-alberga-a-la-seleccion-francesa-en-los-finales-de-eurocopa","status":"publish","type":"post","link":"https:\/\/archive.sana.sy\/es\/?p=46834","title":{"rendered":"Fuerzas de seguridad francesas desalojan el recinto del hotel que alberga a la Selecci\u00f3n Francesa en los finales de Eurocopa"},"content":{"rendered":"<p><span style=\"color: #800000;\">Par\u00eds \u2013 SANA<\/span><\/p>\n<p style=\"text-align: justify;\">Las fuerzas de seguridad francesas desalojaron el recinto del hotel que alberga a la selecci\u00f3n francesa en Paris, horas antes de iniciar un partido con la selecci\u00f3n portuguesa en los finales de La Eurocopa, tras recibir informaci\u00f3n sobre una mochila sospechosa alrededor del hotel.<\/p>\n<p>La polic\u00eda francesa apart\u00f3 a la gente del lugar antes de la llegada de los expertos en explosivos, que hicieron estallar la mochila sospechosa, y se abri\u00f3 el paso con normalidad, seg\u00fan revela el sitio web \u201cSky Sports\u201d.<\/p>\n<p style=\"text-align: justify;\">El 13 de noviembre de 2015, varios atentados terroristas sacudieron a Francia y causaron 130 muertos y decenas de heridos, un incidente que se considera como un efecto del terrorismo que el gobierno franc\u00e9s utiliz\u00f3 como instrumento, para imponer sus agendas colonialistas en los pa\u00edses independientes.<\/p>\n<p>Akram. S<\/p>\n","protected":false},"excerpt":{"rendered":"<p>Par\u00eds \u2013 SANA Las fuerzas de seguridad francesas desalojaron el recinto del hotel que alberga a la selecci\u00f3n francesa en Paris, horas antes de iniciar un partido con la selecci\u00f3n portuguesa en los finales de La Eurocopa, tras recibir informaci\u00f3n sobre una mochila sospechosa alrededor del hotel. La polic\u00eda francesa apart\u00f3 a la gente del &hellip;<\/p>\n","protected":false},"author":1,"featured_media":46835,"comment_status":"closed","ping_status":"closed","sticky":false,"template":"","format":"standard","meta":{"footnotes":""},"categories":[597,456,7541],"tags":[],"class_list":["post-46834","post","type-post","status-publish","format-standard","has-post-thumbnail","","category-cinta-de-noticias","category-arabe-internacional-politica","category-ultimas-noticias"],"_links":{"self":[{"href":"https:\/\/archive.sana.sy\/es\/index.php?rest_route=\/wp\/v2\/posts\/46834"}],"collection":[{"href":"https:\/\/archive.sana.sy\/es\/index.php?rest_route=\/wp\/v2\/posts"}],"about":[{"href":"https:\/\/archive.sana.sy\/es\/index.php?rest_route=\/wp\/v2\/types\/post"}],"author":[{"embeddable":true,"href":"https:\/\/archive.sana.sy\/es\/index.php?rest_route=\/wp\/v2\/users\/1"}],"replies":[{"embeddable":true,"href":"https:\/\/archive.sana.sy\/es\/index.php?rest_route=%2Fwp%2Fv2%2Fcomments&post=46834"}],"version-history":[{"count":0,"href":"https:\/\/archive.sana.sy\/es\/index.php?rest_route=\/wp\/v2\/posts\/46834\/revisions"}],"wp:featuredmedia":[{"embeddable":true,"href":"https:\/\/archive.sana.sy\/es\/index.php?rest_route=\/wp\/v2\/media\/46835"}],"wp:attachment":[{"href":"https:\/\/archive.sana.sy\/es\/index.php?rest_route=%2Fwp%2Fv2%2Fmedia&parent=46834"}],"wp:term":[{"taxonomy":"category","embeddable":true,"href":"https:\/\/archive.sana.sy\/es\/index.php?rest_route=%2Fwp%2Fv2%2Fcategories&post=46834"},{"taxonomy":"post_tag","embeddable":true,"href":"https:\/\/archive.sana.sy\/es\/index.php?rest_route=%2Fwp%2Fv2%2Ftags&post=46834"}],"curies":[{"name":"wp","href":"https:\/\/api.w.org\/{rel}","templated":true}]}}