{"id":46841,"date":"2016-07-10T22:58:39","date_gmt":"2016-07-10T19:58:39","guid":{"rendered":"http:\/\/www.sana.sy\/es\/?p=46841"},"modified":"2016-07-10T23:01:58","modified_gmt":"2016-07-10T20:01:58","slug":"bokova-llama-a-la-comunidad-internacional-a-salvaguardar-el-patrimonio-y-la-cultura-como-respuesta-a-los-extremistas","status":"publish","type":"post","link":"https:\/\/archive.sana.sy\/es\/?p=46841","title":{"rendered":"Bokova llama a la comunidad internacional a salvaguardar el patrimonio y la cultura como respuesta a los extremistas"},"content":{"rendered":"<p><span style=\"color: #800000;\">Estambul- SANA<\/span><\/p>\n<p style=\"text-align: justify;\">La directora general de la UNESCO (Organizaci\u00f3n de las Naciones Unidas para la Educaci\u00f3n, Ciencia, y Cultura), Irina Bokova, llam\u00f3 a la comunidad internacional a salvaguardar el patrimonio y la cultura, como una fuerte respuesta a los extremistas.<\/p>\n<p style=\"text-align: justify;\">En su discurso durante el cuadrag\u00e9simo periodo de sesiones de la UNESCO en Estambul, se\u00f1al\u00f3 que la respuesta de la comunidad internacional debe ser fuerte contra los extremistas que atacan y distorsionan la cultura y difunden el terror. Y aludi\u00f3 a la destrucci\u00f3n provocada por actos terroristas en ciudades como Palmira, Alepo, y Mos\u00fal.<\/p>\n<p style=\"text-align: justify;\">En marzo pasado, Bokova elogi\u00f3 las operaciones del Ej\u00e9rcito \u00c1rabe Sirio en liberar la ciudad hist\u00f3rica de Palmira de manos de Daesh, que sabote\u00f3 muchos de sus aspectos hist\u00f3ricos.<\/p>\n<p>&nbsp;<\/p>\n<p>Akram. S<\/p>\n","protected":false},"excerpt":{"rendered":"<p>Estambul- SANA La directora general de la UNESCO (Organizaci\u00f3n de las Naciones Unidas para la Educaci\u00f3n, Ciencia, y Cultura), Irina Bokova, llam\u00f3 a la comunidad internacional a salvaguardar el patrimonio y la cultura, como una fuerte respuesta a los extremistas. En su discurso durante el cuadrag\u00e9simo periodo de sesiones de la UNESCO en Estambul, se\u00f1al\u00f3 &hellip;<\/p>\n","protected":false},"author":1,"featured_media":46843,"comment_status":"closed","ping_status":"closed","sticky":false,"template":"","format":"standard","meta":{"footnotes":""},"categories":[597,456,7541],"tags":[],"class_list":["post-46841","post","type-post","status-publish","format-standard","has-post-thumbnail","","category-cinta-de-noticias","category-arabe-internacional-politica","category-ultimas-noticias"],"_links":{"self":[{"href":"https:\/\/archive.sana.sy\/es\/index.php?rest_route=\/wp\/v2\/posts\/46841"}],"collection":[{"href":"https:\/\/archive.sana.sy\/es\/index.php?rest_route=\/wp\/v2\/posts"}],"about":[{"href":"https:\/\/archive.sana.sy\/es\/index.php?rest_route=\/wp\/v2\/types\/post"}],"author":[{"embeddable":true,"href":"https:\/\/archive.sana.sy\/es\/index.php?rest_route=\/wp\/v2\/users\/1"}],"replies":[{"embeddable":true,"href":"https:\/\/archive.sana.sy\/es\/index.php?rest_route=%2Fwp%2Fv2%2Fcomments&post=46841"}],"version-history":[{"count":0,"href":"https:\/\/archive.sana.sy\/es\/index.php?rest_route=\/wp\/v2\/posts\/46841\/revisions"}],"wp:featuredmedia":[{"embeddable":true,"href":"https:\/\/archive.sana.sy\/es\/index.php?rest_route=\/wp\/v2\/media\/46843"}],"wp:attachment":[{"href":"https:\/\/archive.sana.sy\/es\/index.php?rest_route=%2Fwp%2Fv2%2Fmedia&parent=46841"}],"wp:term":[{"taxonomy":"category","embeddable":true,"href":"https:\/\/archive.sana.sy\/es\/index.php?rest_route=%2Fwp%2Fv2%2Fcategories&post=46841"},{"taxonomy":"post_tag","embeddable":true,"href":"https:\/\/archive.sana.sy\/es\/index.php?rest_route=%2Fwp%2Fv2%2Ftags&post=46841"}],"curies":[{"name":"wp","href":"https:\/\/api.w.org\/{rel}","templated":true}]}}