{"id":46960,"date":"2016-07-12T20:56:33","date_gmt":"2016-07-12T17:56:33","guid":{"rendered":"http:\/\/www.sana.sy\/es\/?p=46960"},"modified":"2016-07-12T20:56:33","modified_gmt":"2016-07-12T17:56:33","slug":"patriarca-al-rahi-hace-un-llamamiento-a-la-comunidad-internacional-para-poner-fin-a-las-guerras-en-siria-irak-y-palestina","status":"publish","type":"post","link":"https:\/\/archive.sana.sy\/es\/?p=46960","title":{"rendered":"Patriarca al-Rahi hace un llamamiento a la comunidad internacional para poner fin a las guerras en Siria, Irak y Palestina"},"content":{"rendered":"<p><span style=\"color: #800000\">Beirut, SANA<\/span>&#8211; El \u00a0Patriarca maronita cardenal Mar Bechara Boutros al-Rahi pidi\u00f3 a la comunidad internacional trabajar para poner fin a las guerras y actos terroristas en Siria, Irak y Palestina, y para encontrar una soluci\u00f3n pol\u00edtica para una paz justa, profunda y duradera en la regi\u00f3n.<\/p>\n<p style=\"text-align: justify\">Al-Rahi, durante su reuni\u00f3n con el ministro de Exteriores franc\u00e9s, Jean-Marc Ayrault en Beirut el martes, hizo hincapi\u00e9 en la necesidad de ofrecer garant\u00edas a los desplazados de los pa\u00edses de la regi\u00f3n para volver a sus hogares que han sido obligados a abandonarlos por los actos terroristas, incluyendo cristianos y musulmanes por igual que se vieron obligados a abandonar sus hogares.<\/p>\n<p>M.Miri<\/p>\n","protected":false},"excerpt":{"rendered":"<p>Beirut, SANA&#8211; El \u00a0Patriarca maronita cardenal Mar Bechara Boutros al-Rahi pidi\u00f3 a la comunidad internacional trabajar para poner fin a las guerras y actos terroristas en Siria, Irak y Palestina, y para encontrar una soluci\u00f3n pol\u00edtica para una paz justa, profunda y duradera en la regi\u00f3n. Al-Rahi, durante su reuni\u00f3n con el ministro de Exteriores &hellip;<\/p>\n","protected":false},"author":1,"featured_media":46961,"comment_status":"closed","ping_status":"closed","sticky":false,"template":"","format":"standard","meta":{"footnotes":""},"categories":[456,457],"tags":[2614,8879],"class_list":["post-46960","post","type-post","status-publish","format-standard","has-post-thumbnail","","category-arabe-internacional-politica","category-noticias-arabe-internacional-politica","tag-patriarca-al-rahi-los-actos-terroristas-en-la-region-responden-a-intereses-regionales-e-internacionales","tag-rahi"],"_links":{"self":[{"href":"https:\/\/archive.sana.sy\/es\/index.php?rest_route=\/wp\/v2\/posts\/46960"}],"collection":[{"href":"https:\/\/archive.sana.sy\/es\/index.php?rest_route=\/wp\/v2\/posts"}],"about":[{"href":"https:\/\/archive.sana.sy\/es\/index.php?rest_route=\/wp\/v2\/types\/post"}],"author":[{"embeddable":true,"href":"https:\/\/archive.sana.sy\/es\/index.php?rest_route=\/wp\/v2\/users\/1"}],"replies":[{"embeddable":true,"href":"https:\/\/archive.sana.sy\/es\/index.php?rest_route=%2Fwp%2Fv2%2Fcomments&post=46960"}],"version-history":[{"count":0,"href":"https:\/\/archive.sana.sy\/es\/index.php?rest_route=\/wp\/v2\/posts\/46960\/revisions"}],"wp:featuredmedia":[{"embeddable":true,"href":"https:\/\/archive.sana.sy\/es\/index.php?rest_route=\/wp\/v2\/media\/46961"}],"wp:attachment":[{"href":"https:\/\/archive.sana.sy\/es\/index.php?rest_route=%2Fwp%2Fv2%2Fmedia&parent=46960"}],"wp:term":[{"taxonomy":"category","embeddable":true,"href":"https:\/\/archive.sana.sy\/es\/index.php?rest_route=%2Fwp%2Fv2%2Fcategories&post=46960"},{"taxonomy":"post_tag","embeddable":true,"href":"https:\/\/archive.sana.sy\/es\/index.php?rest_route=%2Fwp%2Fv2%2Ftags&post=46960"}],"curies":[{"name":"wp","href":"https:\/\/api.w.org\/{rel}","templated":true}]}}